{"id":3107,"date":"2020-02-18T15:40:41","date_gmt":"2020-02-18T21:40:41","guid":{"rendered":"https:\/\/informativoelvalledeaguascalientes.online\/?p=3107"},"modified":"2020-02-18T15:40:41","modified_gmt":"2020-02-18T21:40:41","slug":"continuan-trabajos-para-consolidar-el-bosque-urbano-cumbres","status":"publish","type":"post","link":"https:\/\/informativoelvalledeaguascalientes.online\/?p=3107","title":{"rendered":"CONTIN\u00daAN TRABAJOS PARA CONSOLIDAR EL BOSQUE URBANO CUMBRES"},"content":{"rendered":"<div class=\"opinion-section opinion-single-cover opinion-indent opinion-overlay\">\n<div class=\"container\">\n<div class=\"section-head row justify-content-center text-center\">\n<div class=\"col-12 col-md-8\"><\/div>\n<\/div>\n<\/div>\n<\/div>\n<div class=\"opinion-section\">\n<div class=\"container\">\n<div class=\"section-content row justify-content-center\">\n<div class=\"col-12 col-lg-8 opinion-order-1\">\n<article class=\"opinion-post opinion-single post-13470 post type-post status-publish format-standard has-post-thumbnail hentry category-servicios-publicos tag-bosque-urbano tag-miriam-rodriguez-tiscareno tag-servicios-publicos tag-tere-jimenez\">\n<div class=\"entry-content\">\n<ul>\n<li><strong>Ha sobrevivido el 90% de los \u00e1rboles plantados el a\u00f1o pasado en esta zona<\/strong><\/li>\n<\/ul>\n<p>La titular de Servicios P\u00fablicos\u00a0<strong>Miriam Rodr\u00edguez Tiscare\u00f1o<\/strong>, realiz\u00f3 un recorrido de supervisi\u00f3n por el Bosque Urbano Cumbres.<\/p>\n<p>Acompa\u00f1ada por especialistas en la materia, realizaron una valoraci\u00f3n de los m\u00e1s de 400 \u00e1rboles que se plantaron el a\u00f1o pasado, cuando se puso en marcha el proyecto.<\/p>\n<p>La funcionaria record\u00f3 que este ambicioso proyecto ambiental, montado sobre el terreno que en los a\u00f1os 90 fuera un vertedero de residuos s\u00f3lidos urbanos, avanza de acuerdo a lo planeado, para que en un lapso de dos a\u00f1os las 11 hect\u00e1reas queden totalmente forestadas.<\/p>\n<p>De acuerdo al compromiso de la alcaldesa\u00a0<strong>Tere Jim\u00e9nez<\/strong>, con el medio ambiente, la Direcci\u00f3n de Parques y Jardines da constante mantenimiento a la zona, lo que ha permitido que el 90 por ciento de los \u00e1rboles plantados sobrevivan.<\/p>\n<p>Esta cifra garantiza que el proyecto est\u00e1 funcionando y que en algunos a\u00f1os la nueva \u00e1rea verde traer\u00e1 grandes beneficios ambientales a los habitantes de Aguascalientes, al consolidarse como el primer bosque urbano construido sobre un relleno sanitario clausurado.<\/p>\n<\/div>\n<\/article>\n<\/div>\n<\/div>\n<\/div>\n<\/div>\n","protected":false},"excerpt":{"rendered":"<p>Ha sobrevivido el 90% de los \u00e1rboles plantados el a\u00f1o pasado en esta zona La titular de Servicios P\u00fablicos\u00a0Miriam Rodr\u00edguez Tiscare\u00f1o, realiz\u00f3 un recorrido de supervisi\u00f3n por el Bosque Urbano Cumbres. Acompa\u00f1ada por especialistas en la materia, realizaron una valoraci\u00f3n de los m\u00e1s de 400 \u00e1rboles que se plantaron el a\u00f1o pasado, cuando se puso [&hellip;]<\/p>\n","protected":false},"author":1,"featured_media":3108,"comment_status":"closed","ping_status":"open","sticky":false,"template":"","format":"standard","meta":{"advanced_seo_description":"","jetpack_seo_html_title":"","jetpack_seo_noindex":false,"_jetpack_memberships_contains_paid_content":false,"footnotes":"","jetpack_publicize_message":"","jetpack_publicize_feature_enabled":true,"jetpack_social_post_already_shared":true,"jetpack_social_options":{"image_generator_settings":{"template":"highway","default_image_id":0,"font":"","enabled":false},"version":2}},"categories":[21,3],"tags":[22,25],"class_list":["post-3107","post","type-post","status-publish","format-standard","has-post-thumbnail","hentry","category-aguascalientes","category-municipio-aguascalientes","tag-aguascalientes","tag-mpio-aguascalientes"],"jetpack_publicize_connections":[],"jetpack_featured_media_url":"https:\/\/i0.wp.com\/informativoelvalledeaguascalientes.online\/wp-content\/uploads\/2020\/02\/mpio_ags_serv_pcos_18022020.jpg?fit=1024%2C684&ssl=1","jetpack-related-posts":[],"jetpack_sharing_enabled":true,"jetpack_likes_enabled":true,"_links":{"self":[{"href":"https:\/\/informativoelvalledeaguascalientes.online\/index.php?rest_route=\/wp\/v2\/posts\/3107","targetHints":{"allow":["GET"]}}],"collection":[{"href":"https:\/\/informativoelvalledeaguascalientes.online\/index.php?rest_route=\/wp\/v2\/posts"}],"about":[{"href":"https:\/\/informativoelvalledeaguascalientes.online\/index.php?rest_route=\/wp\/v2\/types\/post"}],"author":[{"embeddable":true,"href":"https:\/\/informativoelvalledeaguascalientes.online\/index.php?rest_route=\/wp\/v2\/users\/1"}],"replies":[{"embeddable":true,"href":"https:\/\/informativoelvalledeaguascalientes.online\/index.php?rest_route=%2Fwp%2Fv2%2Fcomments&post=3107"}],"version-history":[{"count":1,"href":"https:\/\/informativoelvalledeaguascalientes.online\/index.php?rest_route=\/wp\/v2\/posts\/3107\/revisions"}],"predecessor-version":[{"id":3109,"href":"https:\/\/informativoelvalledeaguascalientes.online\/index.php?rest_route=\/wp\/v2\/posts\/3107\/revisions\/3109"}],"wp:featuredmedia":[{"embeddable":true,"href":"https:\/\/informativoelvalledeaguascalientes.online\/index.php?rest_route=\/wp\/v2\/media\/3108"}],"wp:attachment":[{"href":"https:\/\/informativoelvalledeaguascalientes.online\/index.php?rest_route=%2Fwp%2Fv2%2Fmedia&parent=3107"}],"wp:term":[{"taxonomy":"category","embeddable":true,"href":"https:\/\/informativoelvalledeaguascalientes.online\/index.php?rest_route=%2Fwp%2Fv2%2Fcategories&post=3107"},{"taxonomy":"post_tag","embeddable":true,"href":"https:\/\/informativoelvalledeaguascalientes.online\/index.php?rest_route=%2Fwp%2Fv2%2Ftags&post=3107"}],"curies":[{"name":"wp","href":"https:\/\/api.w.org\/{rel}","templated":true}]}}