{"id":31033,"date":"2022-05-18T09:03:58","date_gmt":"2022-05-18T15:03:58","guid":{"rendered":"https:\/\/informativoelvalledeaguascalientes.online\/?p=31033"},"modified":"2022-05-18T09:03:58","modified_gmt":"2022-05-18T15:03:58","slug":"las-propuestas-vuelven-a-distinguir-a-tere-jimenez-y-la-ponen-al-frente-del-debate-pan","status":"publish","type":"post","link":"https:\/\/informativoelvalledeaguascalientes.online\/?p=31033","title":{"rendered":"LAS PROPUESTAS VUELVEN A DISTINGUIR A TERE JIM\u00c9NEZ Y LA PONEN AL FRENTE DEL DEBATE: PAN"},"content":{"rendered":"<p style=\"text-align: left;\"><strong>#informativoelvalledeaguascalientes , #novaradioaguascalientes<\/strong><\/p>\n<p>&nbsp;<\/p>\n<ul>\n<li><strong>PESE A LA ESTRATEGIA EN CONTRA DEL PROYECTO DE TERE JIM\u00c9NEZ, LA CANDIDATA SE MANTIENE FIRME: LU\u00c9VANO N\u00da\u00d1EZ<\/strong><\/li>\n<li><strong>ANTE LA CONFRONTACI\u00d3N, TERE SE MANTUVO FIRME: DIPUTADA MAR\u00cdA DEL CARMEN ESCUDERO<\/strong><\/li>\n<li><strong>TENEMOS GOBERNADORA CON TERE JIM\u00c9NEZ: NORA ARIAS, PRD CDMX<\/strong><\/li>\n<\/ul>\n<p>&nbsp;<\/p>\n<p>En medio de un ambiente de fiesta, la militancia panista se reuni\u00f3 en el Comit\u00e9 Directivo Estatal\u00a0 del partido, para presenciar el primer debate oficial organizado por el Instituto Estatal Electoral de Aguascalientes con la presencia de las contendientes rumbo a la gubernatura del Estado, colocando a la candidata de la coalici\u00f3n \u201cVa por Aguascalientes muy por encima de sus competidoras.<\/p>\n<p>Al respecto, Javier Lu\u00e9vano N\u00fa\u00f1ez, presidente estatal del Partido Acci\u00f3n Nacional\u00a0 se\u00f1al\u00f3 que es muy claro que existe una estrategia alineada en contra del proyecto de la coalici\u00f3n, sin embargo, Tere Jim\u00e9nez contin\u00faa como el primer d\u00eda, posicionando el proyecto y las propuestas, representando a la sociedad de Aguascalientes, a la cual le preocupa el presente y el futuro.<\/p>\n<p>\u201cAnte tantos retos que tenemos como estado, hemos visto que Tere ha hecho compromisos y propuestas concretas en cada calle y rinc\u00f3n que hemos recorrido, y eso es lo que vimos hoy en el debate, que nuestra candidata gan\u00f3 con la propuesta y por ello ser\u00e1 la gobernadora de las respuestas\u201d, subray\u00f3 Luevano N\u00fa\u00f1ez.<\/p>\n<p>Desde el inicio de este\u00a0 importante ejercicio democr\u00e1tico, la candidata ganadora, mostr\u00f3 total respeto hacia las candidatas participantes y lejos de las calumnias y las denostaciones, cada una de sus intervenciones fueron congruentes y acordes a lo que ha planteado en su Plan de Gobierno respondiendo a cada ataque con propuestas, externando que lo mejor est\u00e1 por venir.<\/p>\n<p>En este sentido, la diputada federal Mar\u00eda del Carmen Escudero, se\u00f1al\u00f3 que\u00a0 ante la confrontaci\u00f3n Tere Jim\u00e9nez se mantuvo en su posici\u00f3n de propuestas, subrayando que con estas habr\u00e1 un crecimiento mayor\u00a0 para la entidad, en el tema de seguridad, con las mujeres y por todo lo expuesto, dijo que es la mejor opci\u00f3n para la gubernatura.<\/p>\n<p>En el acto tambi\u00e9n estuvo presente la\u00a0 presidente de la Direcci\u00f3n Estatal Ejecutiva del PRD en la Ciudad de M\u00e9xico, Nora Arias Contreras quien hizo patente la experiencia de la abanderada de la coalici\u00f3n, y es que justamente es lo que se necesita para gobernar, por lo que manifest\u00f3 que \u201ctenemos gobernadora con Tere Jim\u00e9nez\u201d.<\/p>\n<p>Al final del debate, que presenci\u00f3 la militancia reunida, Tere Jim\u00e9nez fue en\u00e9rgica al se\u00f1alar que el respeto debe prevalecer y se har\u00e1 valer en todo momento durante su gobierno, al tiempo que enfatiz\u00f3 que este 5 de julio se votar\u00e1\u00a0 por la paz y tranquilidad de todos y todas, por la salud, por la educaci\u00f3n y las becas para todos los niveles, por el campo, el empleo, para que vuelvan las estancias infantiles, confiada en el triunfo que con su voto habr\u00e1 de otorgarle la ciudadan\u00eda.<\/p>\n<p>&nbsp;<\/p>\n<p>&nbsp;<\/p>\n<p>&nbsp;<\/p>\n<p>&nbsp;<\/p>\n","protected":false},"excerpt":{"rendered":"<p>#informativoelvalledeaguascalientes , #novaradioaguascalientes &nbsp; PESE A LA ESTRATEGIA EN CONTRA DEL PROYECTO DE TERE JIM\u00c9NEZ, LA CANDIDATA SE MANTIENE FIRME: LU\u00c9VANO N\u00da\u00d1EZ ANTE LA CONFRONTACI\u00d3N, TERE SE MANTUVO FIRME: DIPUTADA MAR\u00cdA DEL CARMEN ESCUDERO TENEMOS GOBERNADORA CON TERE JIM\u00c9NEZ: NORA ARIAS, PRD CDMX &nbsp; En medio de un ambiente de fiesta, la militancia panista se [&hellip;]<\/p>\n","protected":false},"author":1,"featured_media":31029,"comment_status":"closed","ping_status":"open","sticky":false,"template":"","format":"standard","meta":{"advanced_seo_description":"","jetpack_seo_html_title":"","jetpack_seo_noindex":false,"_jetpack_memberships_contains_paid_content":false,"footnotes":"","jetpack_publicize_message":"","jetpack_publicize_feature_enabled":true,"jetpack_social_post_already_shared":true,"jetpack_social_options":{"image_generator_settings":{"template":"highway","default_image_id":0,"font":"","enabled":false},"version":2}},"categories":[21,7],"tags":[22,23,43,320],"class_list":["post-31033","post","type-post","status-publish","format-standard","has-post-thumbnail","hentry","category-aguascalientes","category-pan-aguascalientes","tag-aguascalientes","tag-pan-aguascalientes","tag-pan-aguascalientes-cde","tag-tere-jimenez"],"jetpack_publicize_connections":[],"jetpack_featured_media_url":"https:\/\/i0.wp.com\/informativoelvalledeaguascalientes.online\/wp-content\/uploads\/2022\/05\/IMG-20220518-WA0004.jpg?fit=1280%2C694&ssl=1","jetpack-related-posts":[],"jetpack_sharing_enabled":true,"jetpack_likes_enabled":true,"_links":{"self":[{"href":"https:\/\/informativoelvalledeaguascalientes.online\/index.php?rest_route=\/wp\/v2\/posts\/31033","targetHints":{"allow":["GET"]}}],"collection":[{"href":"https:\/\/informativoelvalledeaguascalientes.online\/index.php?rest_route=\/wp\/v2\/posts"}],"about":[{"href":"https:\/\/informativoelvalledeaguascalientes.online\/index.php?rest_route=\/wp\/v2\/types\/post"}],"author":[{"embeddable":true,"href":"https:\/\/informativoelvalledeaguascalientes.online\/index.php?rest_route=\/wp\/v2\/users\/1"}],"replies":[{"embeddable":true,"href":"https:\/\/informativoelvalledeaguascalientes.online\/index.php?rest_route=%2Fwp%2Fv2%2Fcomments&post=31033"}],"version-history":[{"count":1,"href":"https:\/\/informativoelvalledeaguascalientes.online\/index.php?rest_route=\/wp\/v2\/posts\/31033\/revisions"}],"predecessor-version":[{"id":31034,"href":"https:\/\/informativoelvalledeaguascalientes.online\/index.php?rest_route=\/wp\/v2\/posts\/31033\/revisions\/31034"}],"wp:featuredmedia":[{"embeddable":true,"href":"https:\/\/informativoelvalledeaguascalientes.online\/index.php?rest_route=\/wp\/v2\/media\/31029"}],"wp:attachment":[{"href":"https:\/\/informativoelvalledeaguascalientes.online\/index.php?rest_route=%2Fwp%2Fv2%2Fmedia&parent=31033"}],"wp:term":[{"taxonomy":"category","embeddable":true,"href":"https:\/\/informativoelvalledeaguascalientes.online\/index.php?rest_route=%2Fwp%2Fv2%2Fcategories&post=31033"},{"taxonomy":"post_tag","embeddable":true,"href":"https:\/\/informativoelvalledeaguascalientes.online\/index.php?rest_route=%2Fwp%2Fv2%2Ftags&post=31033"}],"curies":[{"name":"wp","href":"https:\/\/api.w.org\/{rel}","templated":true}]}}