{"id":31030,"date":"2022-05-18T09:00:02","date_gmt":"2022-05-18T15:00:02","guid":{"rendered":"https:\/\/informativoelvalledeaguascalientes.online\/?p=31030"},"modified":"2022-05-18T09:00:02","modified_gmt":"2022-05-18T15:00:02","slug":"por-altas-temperaturas-capas-refuerza-acciones-para-garantizar-el-servicio","status":"publish","type":"post","link":"https:\/\/informativoelvalledeaguascalientes.online\/?p=31030","title":{"rendered":"POR ALTAS TEMPERATURAS, CAPAS REFUERZA ACCIONES PARA GARANTIZAR EL SERVICIO\u00a0"},"content":{"rendered":"<p><strong>#informativoelvalledeaguascalientes , #novaradioaguascalientes<\/strong><\/p>\n<p>.<\/p>\n<p>&nbsp;<\/p>\n<p>Ante la temporada de sequ\u00eda y la alta demanda de agua en el municipio de Jes\u00fas Mar\u00eda, el organismo operador del agua -CAPAS-, se ha visto en la necesidad de incrementar los tandeos y recurrir a la contrataci\u00f3n de pipas para abastecer del servicio a la poblaci\u00f3n.<\/p>\n<p>Lo anterior lo dio a conocer el titular de CAPAS, quien detall\u00f3 adem\u00e1s que en consecuencia, se espera un aumento en el costo de la electricidad pues los pozos han estado encendidos hasta 24 horas, particularmente los que abastecen delegaciones con altos \u00edndices poblacionales como Margaritas; caso contrario es el de otras localidades en donde la escasez es cr\u00edtica, entre ellas La Tomatina, Cieneguitas, Ca\u00f1ada del Rodeo, Gracias a Dios, Buena Vista, Venadero, San Isidro, Tapias Viejas y Milpillas que los equipos fueron reportados fuera de servicio y que se espera ponerlos en marcha en cuanto las maniobras lo permitan, mientras tanto el servicio ha sido proporcionado con el apoyo de pipas.<\/p>\n<p>En este sentido, el director de CAPAS explic\u00f3 que es vital la comprensi\u00f3n y colaboraci\u00f3n de la ciudadan\u00eda para cuidar el vital l\u00edquido y disminuir el gasto per c\u00e1pita, dado que Jes\u00fas Mar\u00eda y en general todo el Estado se encuentra en medio de una crisis h\u00eddrica la cual, debe ser atendida de manera inmediata, con la intervenci\u00f3n del gobierno estatal y federal.<\/p>\n<p>Aunado a lo anterior, indic\u00f3 que ya es necesario reponer una buena cantidad de pozos que ya cumplieron con su vital \u00fatil, dado que algunos de ellos est\u00e1n a punto de cumplir 50 a\u00f1os al servicio de la poblaci\u00f3n, dijo tambi\u00e9n que es necesario mejorar las redes hidr\u00e1ulicas en todo el municipio, sin embargo, sin la colaboraci\u00f3n y participaci\u00f3n ciudadana a trav\u00e9s del pago puntual de sus servicios no ser\u00e1 posible.<\/p>\n<p>\u201cEn el municipio le estamos apostando al tratamiento de aguas, para ello hemos tocado puertas para buscar la forma de hacer esto posible y reinyectar m\u00e1s agua a los mantos acu\u00edferos; tambi\u00e9n hemos rehabilitado plantas tratadoras, haciendo inversiones en redes y pozos de absorci\u00f3n, siempre viendo la manera de buscar una soluci\u00f3n al problema\u201d destac\u00f3 el funcionario municipal.<\/p>\n<p>****<\/p>\n","protected":false},"excerpt":{"rendered":"<p>#informativoelvalledeaguascalientes , #novaradioaguascalientes . &nbsp; Ante la temporada de sequ\u00eda y la alta demanda de agua en el municipio de Jes\u00fas Mar\u00eda, el organismo operador del agua -CAPAS-, se ha visto en la necesidad de incrementar los tandeos y recurrir a la contrataci\u00f3n de pipas para abastecer del servicio a la poblaci\u00f3n. Lo anterior lo [&hellip;]<\/p>\n","protected":false},"author":1,"featured_media":31031,"comment_status":"closed","ping_status":"open","sticky":false,"template":"","format":"standard","meta":{"advanced_seo_description":"","jetpack_seo_html_title":"","jetpack_seo_noindex":false,"_jetpack_memberships_contains_paid_content":false,"footnotes":"","jetpack_publicize_message":"","jetpack_publicize_feature_enabled":true,"jetpack_social_post_already_shared":true,"jetpack_social_options":{"image_generator_settings":{"template":"highway","default_image_id":0,"font":"","enabled":false},"version":2}},"categories":[21,14],"tags":[22,45],"class_list":["post-31030","post","type-post","status-publish","format-standard","has-post-thumbnail","hentry","category-aguascalientes","category-jesus-maria-aguascalientes","tag-aguascalientes","tag-jesus-maria-aguascalientes"],"jetpack_publicize_connections":[],"jetpack_featured_media_url":"https:\/\/i0.wp.com\/informativoelvalledeaguascalientes.online\/wp-content\/uploads\/2022\/05\/IMG-20220518-WA0005.jpg?fit=1024%2C683&ssl=1","jetpack-related-posts":[],"jetpack_sharing_enabled":true,"jetpack_likes_enabled":true,"_links":{"self":[{"href":"https:\/\/informativoelvalledeaguascalientes.online\/index.php?rest_route=\/wp\/v2\/posts\/31030","targetHints":{"allow":["GET"]}}],"collection":[{"href":"https:\/\/informativoelvalledeaguascalientes.online\/index.php?rest_route=\/wp\/v2\/posts"}],"about":[{"href":"https:\/\/informativoelvalledeaguascalientes.online\/index.php?rest_route=\/wp\/v2\/types\/post"}],"author":[{"embeddable":true,"href":"https:\/\/informativoelvalledeaguascalientes.online\/index.php?rest_route=\/wp\/v2\/users\/1"}],"replies":[{"embeddable":true,"href":"https:\/\/informativoelvalledeaguascalientes.online\/index.php?rest_route=%2Fwp%2Fv2%2Fcomments&post=31030"}],"version-history":[{"count":1,"href":"https:\/\/informativoelvalledeaguascalientes.online\/index.php?rest_route=\/wp\/v2\/posts\/31030\/revisions"}],"predecessor-version":[{"id":31032,"href":"https:\/\/informativoelvalledeaguascalientes.online\/index.php?rest_route=\/wp\/v2\/posts\/31030\/revisions\/31032"}],"wp:featuredmedia":[{"embeddable":true,"href":"https:\/\/informativoelvalledeaguascalientes.online\/index.php?rest_route=\/wp\/v2\/media\/31031"}],"wp:attachment":[{"href":"https:\/\/informativoelvalledeaguascalientes.online\/index.php?rest_route=%2Fwp%2Fv2%2Fmedia&parent=31030"}],"wp:term":[{"taxonomy":"category","embeddable":true,"href":"https:\/\/informativoelvalledeaguascalientes.online\/index.php?rest_route=%2Fwp%2Fv2%2Fcategories&post=31030"},{"taxonomy":"post_tag","embeddable":true,"href":"https:\/\/informativoelvalledeaguascalientes.online\/index.php?rest_route=%2Fwp%2Fv2%2Ftags&post=31030"}],"curies":[{"name":"wp","href":"https:\/\/api.w.org\/{rel}","templated":true}]}}