{"id":31010,"date":"2022-05-17T14:50:39","date_gmt":"2022-05-17T20:50:39","guid":{"rendered":"https:\/\/informativoelvalledeaguascalientes.online\/?p=31010"},"modified":"2022-05-17T14:50:39","modified_gmt":"2022-05-17T20:50:39","slug":"congreso-de-aguascalientes-dara-puntual-seguimiento-al-exhorto-de-crear-oficinas-de-atencion-al-migrante","status":"publish","type":"post","link":"https:\/\/informativoelvalledeaguascalientes.online\/?p=31010","title":{"rendered":"CONGRESO DE AGUASCALIENTES DAR\u00c1 PUNTUAL SEGUIMIENTO AL EXHORTO DE CREAR OFICINAS DE ATENCI\u00d3N AL MIGRANTE"},"content":{"rendered":"<p><strong>\u00a0<\/strong><\/p>\n<p><strong>#informativoelvalledeaguascalientes , #novaradioaguascalientes<\/strong><\/p>\n<p><strong>\u00a0<\/strong><\/p>\n<p>El diputado presidente de la comisi\u00f3n de Asuntos Migratorios de la LXV Legislatura del Congreso de Aguascalientes, Juan Luis Jasso, al encabezar los trabajos de la sesi\u00f3n ordinaria subray\u00f3 que dar\u00e1n seguimiento al Punto de Acuerdo que fue aprobado de manera reciente por el Pleno, con el objetivo de solicitar al Gobierno del Estado y a los once municipios de Aguascalientes, la instalaci\u00f3n de oficinas de atenci\u00f3n al migrante y sus familias, e impulsar su funcionamiento en las que ya exista dicha figura.<\/p>\n<p>&nbsp;<\/p>\n<p>El diputado promotor del exhorto y los congresistas integrantes de la comisi\u00f3n, Fernando Marmolejo, Ad\u00e1n Valdivia y Emanuelle S\u00e1nchez N\u00e1jera, coincidieron que es importante impulsar y reforzar las oficinas de atenci\u00f3n a las y los migrantes en nuestro territorio, como la que ya est\u00e1 establecida en Calvillo.<\/p>\n<p>&nbsp;<\/p>\n<p>Jasso sostuvo que la funci\u00f3n de estas \u00e1reas es fundamental, pues se le atiende a este grupo social a trav\u00e9s de los protocolos oficiales con los que se les brinda orientaci\u00f3n sobre derechos humanos, tr\u00e1mites, servicios, hospitalidad, enlace internacional, inclusive sobre temas de interculturalidad por medio de la atenci\u00f3n integral y respeto de los propios derechos de sus familias y sus comunidades de origen.<\/p>\n<p>&nbsp;<\/p>\n<p>&nbsp;<\/p>\n","protected":false},"excerpt":{"rendered":"<p>\u00a0 #informativoelvalledeaguascalientes , #novaradioaguascalientes \u00a0 El diputado presidente de la comisi\u00f3n de Asuntos Migratorios de la LXV Legislatura del Congreso de Aguascalientes, Juan Luis Jasso, al encabezar los trabajos de la sesi\u00f3n ordinaria subray\u00f3 que dar\u00e1n seguimiento al Punto de Acuerdo que fue aprobado de manera reciente por el Pleno, con el objetivo de solicitar [&hellip;]<\/p>\n","protected":false},"author":1,"featured_media":31011,"comment_status":"closed","ping_status":"open","sticky":false,"template":"","format":"standard","meta":{"advanced_seo_description":"","jetpack_seo_html_title":"","jetpack_seo_noindex":false,"_jetpack_memberships_contains_paid_content":false,"footnotes":"","jetpack_publicize_message":"","jetpack_publicize_feature_enabled":true,"jetpack_social_post_already_shared":true,"jetpack_social_options":{"image_generator_settings":{"template":"highway","default_image_id":0,"font":"","enabled":false},"version":2}},"categories":[21,5],"tags":[22,520],"class_list":["post-31010","post","type-post","status-publish","format-standard","has-post-thumbnail","hentry","category-aguascalientes","category-h-congreso-del-estado-aguascalientes","tag-aguascalientes","tag-lxv-legislatura-aguascalientes"],"jetpack_publicize_connections":[],"jetpack_featured_media_url":"https:\/\/i0.wp.com\/informativoelvalledeaguascalientes.online\/wp-content\/uploads\/2022\/05\/DSC_0658.jpg?fit=1011%2C568&ssl=1","jetpack-related-posts":[],"jetpack_sharing_enabled":true,"jetpack_likes_enabled":true,"_links":{"self":[{"href":"https:\/\/informativoelvalledeaguascalientes.online\/index.php?rest_route=\/wp\/v2\/posts\/31010","targetHints":{"allow":["GET"]}}],"collection":[{"href":"https:\/\/informativoelvalledeaguascalientes.online\/index.php?rest_route=\/wp\/v2\/posts"}],"about":[{"href":"https:\/\/informativoelvalledeaguascalientes.online\/index.php?rest_route=\/wp\/v2\/types\/post"}],"author":[{"embeddable":true,"href":"https:\/\/informativoelvalledeaguascalientes.online\/index.php?rest_route=\/wp\/v2\/users\/1"}],"replies":[{"embeddable":true,"href":"https:\/\/informativoelvalledeaguascalientes.online\/index.php?rest_route=%2Fwp%2Fv2%2Fcomments&post=31010"}],"version-history":[{"count":1,"href":"https:\/\/informativoelvalledeaguascalientes.online\/index.php?rest_route=\/wp\/v2\/posts\/31010\/revisions"}],"predecessor-version":[{"id":31012,"href":"https:\/\/informativoelvalledeaguascalientes.online\/index.php?rest_route=\/wp\/v2\/posts\/31010\/revisions\/31012"}],"wp:featuredmedia":[{"embeddable":true,"href":"https:\/\/informativoelvalledeaguascalientes.online\/index.php?rest_route=\/wp\/v2\/media\/31011"}],"wp:attachment":[{"href":"https:\/\/informativoelvalledeaguascalientes.online\/index.php?rest_route=%2Fwp%2Fv2%2Fmedia&parent=31010"}],"wp:term":[{"taxonomy":"category","embeddable":true,"href":"https:\/\/informativoelvalledeaguascalientes.online\/index.php?rest_route=%2Fwp%2Fv2%2Fcategories&post=31010"},{"taxonomy":"post_tag","embeddable":true,"href":"https:\/\/informativoelvalledeaguascalientes.online\/index.php?rest_route=%2Fwp%2Fv2%2Ftags&post=31010"}],"curies":[{"name":"wp","href":"https:\/\/api.w.org\/{rel}","templated":true}]}}