{"id":30998,"date":"2022-05-16T21:30:30","date_gmt":"2022-05-17T03:30:30","guid":{"rendered":"https:\/\/informativoelvalledeaguascalientes.online\/?p=30998"},"modified":"2022-05-16T21:30:30","modified_gmt":"2022-05-17T03:30:30","slug":"reconoce-mesa-ciudadana-de-seguridad-disminucion-de-algunos-delitos-durante-la-fnsm-2022","status":"publish","type":"post","link":"https:\/\/informativoelvalledeaguascalientes.online\/?p=30998","title":{"rendered":"RECONOCE MESA CIUDADANA DE SEGURIDAD DISMINUCI\u00d3N DE ALGUNOS DELITOS DURANTE LA FNSM 2022"},"content":{"rendered":"<p style=\"font-weight: 400;\"><strong>#informativoelvalledeaguascalientes , #novaradioaguascalientes<br \/>\n<\/strong><\/p>\n<p style=\"font-weight: 400;\"><strong>\u00a0<\/strong><\/p>\n<ul>\n<li style=\"font-weight: 400;\"><strong><em>Coordinaci\u00f3n de los cuerpos de seguridad de los tres \u00f3rdenes de gobierno durante operativo especial de la feria arroj\u00f3 buenos resultados<\/em><\/strong><\/li>\n<li style=\"font-weight: 400;\"><strong><em>En un comparativo 2019 contra 2022 de la FNSM, se registraron bajas en da\u00f1os a las cosas y robos del 40.10 y 21.81 por ciento, respectivamente<\/em><\/strong><\/li>\n<\/ul>\n<p style=\"font-weight: 400;\"><strong>\u00a0<\/strong><\/p>\n<p style=\"font-weight: 400;\">\n<p style=\"font-weight: 400;\">Reconoce la Mesa Ciudadana de Seguridad y Justicia de Aguascalientes la disminuci\u00f3n de algunos delitos durante la Feria Nacional de San Marcos 2022, a lo que el secretario general de Gobierno, Juan Manuel Flores Femat, se\u00f1al\u00f3 que los resultados en la materia responden a la coordinaci\u00f3n de los cuerpos de seguridad de los tres \u00f3rdenes de gobierno para el operativo especial montado durante la verbena abrile\u00f1a, sumado a la colaboraci\u00f3n interinstitucional con la Fiscal\u00eda General del Estado y el Poder Judicial.<\/p>\n<p style=\"font-weight: 400;\">\n<p style=\"font-weight: 400;\">Por su parte, la presidenta de la Mesa Ciudadana de Seguridad y Justicia, Karla Martorell Moya, record\u00f3 que dicha organizaci\u00f3n en aras de contribuir a mantener las condiciones de tranquilidad en el estado, lanzaron con apoyo de los gobiernos estatal y municipal, y otras instituciones, la campa\u00f1a \u201cVivir en Paz\u201d, para combatir la violencia familiar y adicciones, adem\u00e1s de apuntar la necesidad del fortalecimiento de los mecanismos de denuncia an\u00f3nima, para incentivar una mayor participaci\u00f3n ciudadana.<\/p>\n<p style=\"font-weight: 400;\">\n<p style=\"font-weight: 400;\">Con datos de la Fiscal\u00eda General del Estado, durante la sesi\u00f3n se hizo un comparativo de los delitos cometidos en el per\u00edmetro de la Feria Nacional de San Marcos 2022 contra su edici\u00f3n anterior, correspondiente al 2019, registr\u00e1ndose una disminuci\u00f3n en algunos delitos como da\u00f1os a las cosas, en un 40 por ciento, y un decrecimiento de casi 22 por ciento en los robos.<\/p>\n","protected":false},"excerpt":{"rendered":"<p>#informativoelvalledeaguascalientes , #novaradioaguascalientes \u00a0 Coordinaci\u00f3n de los cuerpos de seguridad de los tres \u00f3rdenes de gobierno durante operativo especial de la feria arroj\u00f3 buenos resultados En un comparativo 2019 contra 2022 de la FNSM, se registraron bajas en da\u00f1os a las cosas y robos del 40.10 y 21.81 por ciento, respectivamente \u00a0 Reconoce la Mesa [&hellip;]<\/p>\n","protected":false},"author":1,"featured_media":31001,"comment_status":"closed","ping_status":"open","sticky":false,"template":"","format":"standard","meta":{"advanced_seo_description":"","jetpack_seo_html_title":"","jetpack_seo_noindex":false,"_jetpack_memberships_contains_paid_content":false,"footnotes":"","jetpack_publicize_message":"","jetpack_publicize_feature_enabled":true,"jetpack_social_post_already_shared":true,"jetpack_social_options":{"image_generator_settings":{"template":"highway","default_image_id":0,"font":"","enabled":false},"version":2}},"categories":[21,4],"tags":[22,51],"class_list":["post-30998","post","type-post","status-publish","format-standard","has-post-thumbnail","hentry","category-aguascalientes","category-gobierno-del-estado-aguascalientes","tag-aguascalientes","tag-seggob"],"jetpack_publicize_connections":[],"jetpack_featured_media_url":"https:\/\/i0.wp.com\/informativoelvalledeaguascalientes.online\/wp-content\/uploads\/2022\/05\/WhatsApp-Image-2022-05-16-at-12.01.15-PM-2.jpeg?fit=1280%2C853&ssl=1","jetpack-related-posts":[],"jetpack_sharing_enabled":true,"jetpack_likes_enabled":true,"_links":{"self":[{"href":"https:\/\/informativoelvalledeaguascalientes.online\/index.php?rest_route=\/wp\/v2\/posts\/30998","targetHints":{"allow":["GET"]}}],"collection":[{"href":"https:\/\/informativoelvalledeaguascalientes.online\/index.php?rest_route=\/wp\/v2\/posts"}],"about":[{"href":"https:\/\/informativoelvalledeaguascalientes.online\/index.php?rest_route=\/wp\/v2\/types\/post"}],"author":[{"embeddable":true,"href":"https:\/\/informativoelvalledeaguascalientes.online\/index.php?rest_route=\/wp\/v2\/users\/1"}],"replies":[{"embeddable":true,"href":"https:\/\/informativoelvalledeaguascalientes.online\/index.php?rest_route=%2Fwp%2Fv2%2Fcomments&post=30998"}],"version-history":[{"count":1,"href":"https:\/\/informativoelvalledeaguascalientes.online\/index.php?rest_route=\/wp\/v2\/posts\/30998\/revisions"}],"predecessor-version":[{"id":31005,"href":"https:\/\/informativoelvalledeaguascalientes.online\/index.php?rest_route=\/wp\/v2\/posts\/30998\/revisions\/31005"}],"wp:featuredmedia":[{"embeddable":true,"href":"https:\/\/informativoelvalledeaguascalientes.online\/index.php?rest_route=\/wp\/v2\/media\/31001"}],"wp:attachment":[{"href":"https:\/\/informativoelvalledeaguascalientes.online\/index.php?rest_route=%2Fwp%2Fv2%2Fmedia&parent=30998"}],"wp:term":[{"taxonomy":"category","embeddable":true,"href":"https:\/\/informativoelvalledeaguascalientes.online\/index.php?rest_route=%2Fwp%2Fv2%2Fcategories&post=30998"},{"taxonomy":"post_tag","embeddable":true,"href":"https:\/\/informativoelvalledeaguascalientes.online\/index.php?rest_route=%2Fwp%2Fv2%2Ftags&post=30998"}],"curies":[{"name":"wp","href":"https:\/\/api.w.org\/{rel}","templated":true}]}}