{"id":30987,"date":"2022-05-16T20:53:11","date_gmt":"2022-05-17T02:53:11","guid":{"rendered":"https:\/\/informativoelvalledeaguascalientes.online\/?p=30987"},"modified":"2022-05-16T20:53:11","modified_gmt":"2022-05-17T02:53:11","slug":"entrega-gobernador-martin-orozco-modulo-renovado-del-centro-penitenciario-el-llano","status":"publish","type":"post","link":"https:\/\/informativoelvalledeaguascalientes.online\/?p=30987","title":{"rendered":"ENTREGA GOBERNADOR MART\u00cdN OROZCO M\u00d3DULO RENOVADO DEL CENTRO PENITENCIARIO EL LLANO"},"content":{"rendered":"<p dir=\"ltr\"><strong>#informativoelvalledeaguascalientes , #novaradioaguascalientes<br \/>\n<\/strong><\/p>\n<p dir=\"ltr\">\n<p dir=\"ltr\">Cumpliendo con las normativas nacionales e internacionales establecidas por la Ley Nacional de Ejecuci\u00f3n Penal y las recomendaciones de la Comisi\u00f3n Nacional de Derechos Humanos, el gobernador Mart\u00edn Orozco Sandoval entreg\u00f3\u00a0 la renovaci\u00f3n del m\u00f3dulo 5A en el Centro Penitenciario para varones El Llano.<\/p>\n<p dir=\"ltr\">\n<p dir=\"ltr\">Este tipo de acciones se realizan con el objetivo de que las personas privadas de la libertad puedan permanecer en espacios dignos y adecuados, aumentando la capacidad del centro penitenciario y manteniendo un espacio seguro para ellos.<\/p>\n<p dir=\"ltr\">\n<p dir=\"ltr\">Cabe mencionar que este espacio cuenta con mobiliario antiband\u00e1lico, circuito de video-vigilancia y caseta de seguridad, as\u00ed como con \u00e1reas de visita familiar y esparcimiento, para el cual se realiz\u00f3 una inversi\u00f3n de 18 millones 218 mil 572 pesos.<\/p>\n<p dir=\"ltr\">\n<p dir=\"ltr\">En compa\u00f1\u00eda del secretario de Seguridad P\u00fablica del Estado, Jon\u00e1s Ch\u00e1vez Mar\u00edn; del director general de reinserci\u00f3n social, Victor Manuel Herrera de Lira y del director del Centro Penitenciario Estatal El Llano, Aurelio Ram\u00edrez Resendiz; realizaron un recorrido por las instalac<\/p>\n","protected":false},"excerpt":{"rendered":"<p>#informativoelvalledeaguascalientes , #novaradioaguascalientes Cumpliendo con las normativas nacionales e internacionales establecidas por la Ley Nacional de Ejecuci\u00f3n Penal y las recomendaciones de la Comisi\u00f3n Nacional de Derechos Humanos, el gobernador Mart\u00edn Orozco Sandoval entreg\u00f3\u00a0 la renovaci\u00f3n del m\u00f3dulo 5A en el Centro Penitenciario para varones El Llano. Este tipo de acciones se realizan con el [&hellip;]<\/p>\n","protected":false},"author":1,"featured_media":30989,"comment_status":"closed","ping_status":"open","sticky":false,"template":"","format":"standard","meta":{"advanced_seo_description":"","jetpack_seo_html_title":"","jetpack_seo_noindex":false,"_jetpack_memberships_contains_paid_content":false,"footnotes":"","jetpack_publicize_message":"","jetpack_publicize_feature_enabled":true,"jetpack_social_post_already_shared":true,"jetpack_social_options":{"image_generator_settings":{"template":"highway","default_image_id":0,"font":"","enabled":false},"version":2}},"categories":[21,4],"tags":[22,31,122],"class_list":["post-30987","post","type-post","status-publish","format-standard","has-post-thumbnail","hentry","category-aguascalientes","category-gobierno-del-estado-aguascalientes","tag-aguascalientes","tag-mos","tag-sspe-aguascalientes"],"jetpack_publicize_connections":[],"jetpack_featured_media_url":"https:\/\/i0.wp.com\/informativoelvalledeaguascalientes.online\/wp-content\/uploads\/2022\/05\/WhatsApp-Image-2022-05-16-at-1.11.14-PM.jpeg?fit=1280%2C853&ssl=1","jetpack-related-posts":[],"jetpack_sharing_enabled":true,"jetpack_likes_enabled":true,"_links":{"self":[{"href":"https:\/\/informativoelvalledeaguascalientes.online\/index.php?rest_route=\/wp\/v2\/posts\/30987","targetHints":{"allow":["GET"]}}],"collection":[{"href":"https:\/\/informativoelvalledeaguascalientes.online\/index.php?rest_route=\/wp\/v2\/posts"}],"about":[{"href":"https:\/\/informativoelvalledeaguascalientes.online\/index.php?rest_route=\/wp\/v2\/types\/post"}],"author":[{"embeddable":true,"href":"https:\/\/informativoelvalledeaguascalientes.online\/index.php?rest_route=\/wp\/v2\/users\/1"}],"replies":[{"embeddable":true,"href":"https:\/\/informativoelvalledeaguascalientes.online\/index.php?rest_route=%2Fwp%2Fv2%2Fcomments&post=30987"}],"version-history":[{"count":1,"href":"https:\/\/informativoelvalledeaguascalientes.online\/index.php?rest_route=\/wp\/v2\/posts\/30987\/revisions"}],"predecessor-version":[{"id":30991,"href":"https:\/\/informativoelvalledeaguascalientes.online\/index.php?rest_route=\/wp\/v2\/posts\/30987\/revisions\/30991"}],"wp:featuredmedia":[{"embeddable":true,"href":"https:\/\/informativoelvalledeaguascalientes.online\/index.php?rest_route=\/wp\/v2\/media\/30989"}],"wp:attachment":[{"href":"https:\/\/informativoelvalledeaguascalientes.online\/index.php?rest_route=%2Fwp%2Fv2%2Fmedia&parent=30987"}],"wp:term":[{"taxonomy":"category","embeddable":true,"href":"https:\/\/informativoelvalledeaguascalientes.online\/index.php?rest_route=%2Fwp%2Fv2%2Fcategories&post=30987"},{"taxonomy":"post_tag","embeddable":true,"href":"https:\/\/informativoelvalledeaguascalientes.online\/index.php?rest_route=%2Fwp%2Fv2%2Ftags&post=30987"}],"curies":[{"name":"wp","href":"https:\/\/api.w.org\/{rel}","templated":true}]}}