{"id":30965,"date":"2022-05-16T20:13:33","date_gmt":"2022-05-17T02:13:33","guid":{"rendered":"https:\/\/informativoelvalledeaguascalientes.online\/?p=30965"},"modified":"2022-05-16T20:13:33","modified_gmt":"2022-05-17T02:13:33","slug":"establecen-acuerdos-en-favor-de-la-poblacion-migrante","status":"publish","type":"post","link":"https:\/\/informativoelvalledeaguascalientes.online\/?p=30965","title":{"rendered":"ESTABLECEN ACUERDOS EN FAVOR DE LA POBLACI\u00d3N MIGRANTE"},"content":{"rendered":"<p><strong>#informativoelvalledeaguascalientes , #novaradioaguascalientes<br \/>\n<\/strong><\/p>\n<p>El Municipio de Jes\u00fas Mar\u00eda, establece lazos de colaboraci\u00f3n con la organizaci\u00f3n Plan International M\u00e9xico, lo cual fue posible por la vinculaci\u00f3n de la Senadora Adriana Jurado Valadez, con el fin de establecer un plan de trabajo en favor de las ni\u00f1as, ni\u00f1os, adolescentes, mujeres y de atenci\u00f3n a la poblaci\u00f3n migrante.<br \/>\nLo anterior, qued\u00f3 asentado luego de la primera reuni\u00f3n de acercamiento, donde acordaron sumar esfuerzos para construir un proyecto que permita obtener fondos internacionales para garantizar los derechos de la ni\u00f1ez y la prevenci\u00f3n, as\u00ed como erradicaci\u00f3n de la violencia de g\u00e9nero, esto luego de que en el municipio se han albergado familias extranjeras, principalmente haitianos.<br \/>\nEn la reuni\u00f3n participaron adem\u00e1s del alcalde y la Senadora, Dirk Glas Bes, representante en M\u00e9xico de Plan International y la titular de la Secretar\u00eda T\u00e9cnica de Presidencia y Direcci\u00f3n de Planeaci\u00f3n.<br \/>\nEn el marco de dicho encuentro, la titular de la Secretar\u00eda T\u00e9cnica, expuso a los participantes que este Gobierno Municipal es el \u00fanico que en su Plan de Gobierno incluye un eje espec\u00edfico para atenci\u00f3n de la ni\u00f1ez a trav\u00e9s de SIPINNA; comparti\u00f3 tambi\u00e9n algunas de las acciones y estrategias para la atenci\u00f3n y prevenci\u00f3n de problem\u00e1ticas sociales.<br \/>\nEn conclusi\u00f3n, manifestaron el inter\u00e9s y compromiso para hacer un plan de trabajo e intercambiar informaci\u00f3n \u00fatil para ir avanzando y aterrizando estrategias de atenci\u00f3n a la poblaci\u00f3n de movilidad, as\u00ed como acciones conjuntas con el gobierno local para una mejor asistencia humanitaria.<\/p>\n","protected":false},"excerpt":{"rendered":"<p>#informativoelvalledeaguascalientes , #novaradioaguascalientes El Municipio de Jes\u00fas Mar\u00eda, establece lazos de colaboraci\u00f3n con la organizaci\u00f3n Plan International M\u00e9xico, lo cual fue posible por la vinculaci\u00f3n de la Senadora Adriana Jurado Valadez, con el fin de establecer un plan de trabajo en favor de las ni\u00f1as, ni\u00f1os, adolescentes, mujeres y de atenci\u00f3n a la poblaci\u00f3n migrante. [&hellip;]<\/p>\n","protected":false},"author":1,"featured_media":30974,"comment_status":"closed","ping_status":"open","sticky":false,"template":"","format":"standard","meta":{"advanced_seo_description":"","jetpack_seo_html_title":"","jetpack_seo_noindex":false,"_jetpack_memberships_contains_paid_content":false,"footnotes":"","jetpack_publicize_message":"","jetpack_publicize_feature_enabled":true,"jetpack_social_post_already_shared":true,"jetpack_social_options":{"image_generator_settings":{"template":"highway","default_image_id":0,"font":"","enabled":false},"version":2}},"categories":[21,14],"tags":[22,45],"class_list":["post-30965","post","type-post","status-publish","format-standard","has-post-thumbnail","hentry","category-aguascalientes","category-jesus-maria-aguascalientes","tag-aguascalientes","tag-jesus-maria-aguascalientes"],"jetpack_publicize_connections":[],"jetpack_featured_media_url":"https:\/\/i0.wp.com\/informativoelvalledeaguascalientes.online\/wp-content\/uploads\/2022\/05\/fb282693-7584-4b29-b3c1-c29992379c02.jpg?fit=1415%2C944&ssl=1","jetpack-related-posts":[],"jetpack_sharing_enabled":true,"jetpack_likes_enabled":true,"_links":{"self":[{"href":"https:\/\/informativoelvalledeaguascalientes.online\/index.php?rest_route=\/wp\/v2\/posts\/30965","targetHints":{"allow":["GET"]}}],"collection":[{"href":"https:\/\/informativoelvalledeaguascalientes.online\/index.php?rest_route=\/wp\/v2\/posts"}],"about":[{"href":"https:\/\/informativoelvalledeaguascalientes.online\/index.php?rest_route=\/wp\/v2\/types\/post"}],"author":[{"embeddable":true,"href":"https:\/\/informativoelvalledeaguascalientes.online\/index.php?rest_route=\/wp\/v2\/users\/1"}],"replies":[{"embeddable":true,"href":"https:\/\/informativoelvalledeaguascalientes.online\/index.php?rest_route=%2Fwp%2Fv2%2Fcomments&post=30965"}],"version-history":[{"count":1,"href":"https:\/\/informativoelvalledeaguascalientes.online\/index.php?rest_route=\/wp\/v2\/posts\/30965\/revisions"}],"predecessor-version":[{"id":30976,"href":"https:\/\/informativoelvalledeaguascalientes.online\/index.php?rest_route=\/wp\/v2\/posts\/30965\/revisions\/30976"}],"wp:featuredmedia":[{"embeddable":true,"href":"https:\/\/informativoelvalledeaguascalientes.online\/index.php?rest_route=\/wp\/v2\/media\/30974"}],"wp:attachment":[{"href":"https:\/\/informativoelvalledeaguascalientes.online\/index.php?rest_route=%2Fwp%2Fv2%2Fmedia&parent=30965"}],"wp:term":[{"taxonomy":"category","embeddable":true,"href":"https:\/\/informativoelvalledeaguascalientes.online\/index.php?rest_route=%2Fwp%2Fv2%2Fcategories&post=30965"},{"taxonomy":"post_tag","embeddable":true,"href":"https:\/\/informativoelvalledeaguascalientes.online\/index.php?rest_route=%2Fwp%2Fv2%2Ftags&post=30965"}],"curies":[{"name":"wp","href":"https:\/\/api.w.org\/{rel}","templated":true}]}}