{"id":30952,"date":"2022-05-15T22:25:27","date_gmt":"2022-05-16T04:25:27","guid":{"rendered":"https:\/\/informativoelvalledeaguascalientes.online\/?p=30952"},"modified":"2022-05-15T22:25:27","modified_gmt":"2022-05-16T04:25:27","slug":"aguascalientes-es-fuerte-gracias-al-trabajo-de-sus-mujeres-tere-jimenez","status":"publish","type":"post","link":"https:\/\/informativoelvalledeaguascalientes.online\/?p=30952","title":{"rendered":"\u201cAGUASCALIENTES ES FUERTE GRACIAS AL TRABAJO DE SUS MUJERES\u201d: TERE JIM\u00c9NEZ"},"content":{"rendered":"<p><strong>#informativoelvalledeaguascalientes , #novaradioaguascalientes<\/strong><\/p>\n<p>\u2022 La candidata est\u00e1 lista para representar a la ciudadan\u00eda y trabajar por un Aguascalientes que sea referente a nivel mundial<\/p>\n<p>\u2022 Hizo un llamado a que, juntas, las mujeres luchen por consolidar un estado con libertad, seguridad e igualdad<\/p>\n<p>Acompa\u00f1ada de destacadas figuras de la vida pol\u00edtica, Tere Jim\u00e9nez se reuni\u00f3 con mujeres de Aguascalientes y les expres\u00f3 que su alianza con ellas ser\u00e1 permanente.<\/p>\n<p>Dijo sentirse muy entusiasmada por el respaldo que le han demostrado en todos los sectores y lugares que visita, as\u00ed como por encontrar hombres y mujeres trabajadores y decididos a que Aguascalientes siga siendo no solamente una referencia nacional, sino tambi\u00e9n una potencia mundial.<\/p>\n<p>\u201cQuiero agradecerles a los hombres y mujeres de Aguascalientes: me siento sumamente orgullosa de que el cinco de junio las pueda representar a todas. Me siento muy orgullosa de que, cada d\u00eda que recorro nuestro estado, veo hombres y mujeres trabajadores decididos a hacer de Aguascalientes una potencia mundial.&#8221;<\/p>\n<p>Se\u00f1al\u00f3 que su administraci\u00f3n impulsar\u00e1 esas ganas de los aguascalentenses por salir adelante, por brindarles las oportunidades que les permitan trascender e ir mas all\u00e1 de las fronteras o de lo que se propongan, pues con esfuerzo cada meta puede cumplirse.<\/p>\n<p>\u201cYo necesito un estado que sue\u00f1e, que sepa que no hay l\u00edmites ni fronteras\u2026 porque s\u00e9 que Aguascalientes es fuerte y estamos decididos a ser el mejor estado de la Rep\u00fablica Mexicana. Necesito a Aguascalientes so\u00f1ando: yo so\u00f1\u00e9 que iba a ser la primera gobernadora del estado y as\u00ed va a ser.\u201d<\/p>\n<p>La candidata a Gobernadora est\u00e1 lista para representar a los y las aguascalentenses, encabezando una administraci\u00f3n leal, humana y cercana a la ciudadan\u00eda.<\/p>\n<p>Su bandera ser\u00e1 siempre la del respeto y, tanto su campa\u00f1a, como los proyectos de su administraci\u00f3n, van dedicados a los ni\u00f1os y ni\u00f1as de Aguascalientes.<\/p>\n<p>Tere Jim\u00e9nez hizo un llamado a que, juntas, las mujeres luchen por consolidar un estado en el que la libertad, la seguridad y la igualdad de oportunidades se logren en un ambiente de paz, respeto y unidad.<\/p>\n<p>\u201cNecesito a las mujeres de Aguascalientes para gobernar&#8230; Sepan que desde aqu\u00ed se gobierna y se gobierna bien, que en Aguascalientes hay crecimiento y desarrollo, que vamos a ser el primer lugar en educaci\u00f3n, salud y, sobre todo, en seguridad p\u00fablica\u201d, se\u00f1al\u00f3.<\/p>\n<p>Por su parte, las mujeres le hicieron saber que respaldan su proyecto y conf\u00edan en ella para llevar a Aguascalientes por buen camino durante los pr\u00f3ximos a\u00f1os.<\/p>\n","protected":false},"excerpt":{"rendered":"<p>#informativoelvalledeaguascalientes , #novaradioaguascalientes \u2022 La candidata est\u00e1 lista para representar a la ciudadan\u00eda y trabajar por un Aguascalientes que sea referente a nivel mundial \u2022 Hizo un llamado a que, juntas, las mujeres luchen por consolidar un estado con libertad, seguridad e igualdad Acompa\u00f1ada de destacadas figuras de la vida pol\u00edtica, Tere Jim\u00e9nez se reuni\u00f3 [&hellip;]<\/p>\n","protected":false},"author":1,"featured_media":30954,"comment_status":"closed","ping_status":"open","sticky":false,"template":"","format":"standard","meta":{"advanced_seo_description":"","jetpack_seo_html_title":"","jetpack_seo_noindex":false,"_jetpack_memberships_contains_paid_content":false,"footnotes":"","jetpack_publicize_message":"","jetpack_publicize_feature_enabled":true,"jetpack_social_post_already_shared":true,"jetpack_social_options":{"image_generator_settings":{"template":"highway","default_image_id":0,"font":"","enabled":false},"version":2}},"categories":[21,7],"tags":[22,23,43,320],"class_list":["post-30952","post","type-post","status-publish","format-standard","has-post-thumbnail","hentry","category-aguascalientes","category-pan-aguascalientes","tag-aguascalientes","tag-pan-aguascalientes","tag-pan-aguascalientes-cde","tag-tere-jimenez"],"jetpack_publicize_connections":[],"jetpack_featured_media_url":"https:\/\/i0.wp.com\/informativoelvalledeaguascalientes.online\/wp-content\/uploads\/2022\/05\/9ffca5ac-29ca-4832-a414-59edc63332c6.jpg?fit=1600%2C1066&ssl=1","jetpack-related-posts":[],"jetpack_sharing_enabled":true,"jetpack_likes_enabled":true,"_links":{"self":[{"href":"https:\/\/informativoelvalledeaguascalientes.online\/index.php?rest_route=\/wp\/v2\/posts\/30952","targetHints":{"allow":["GET"]}}],"collection":[{"href":"https:\/\/informativoelvalledeaguascalientes.online\/index.php?rest_route=\/wp\/v2\/posts"}],"about":[{"href":"https:\/\/informativoelvalledeaguascalientes.online\/index.php?rest_route=\/wp\/v2\/types\/post"}],"author":[{"embeddable":true,"href":"https:\/\/informativoelvalledeaguascalientes.online\/index.php?rest_route=\/wp\/v2\/users\/1"}],"replies":[{"embeddable":true,"href":"https:\/\/informativoelvalledeaguascalientes.online\/index.php?rest_route=%2Fwp%2Fv2%2Fcomments&post=30952"}],"version-history":[{"count":1,"href":"https:\/\/informativoelvalledeaguascalientes.online\/index.php?rest_route=\/wp\/v2\/posts\/30952\/revisions"}],"predecessor-version":[{"id":30955,"href":"https:\/\/informativoelvalledeaguascalientes.online\/index.php?rest_route=\/wp\/v2\/posts\/30952\/revisions\/30955"}],"wp:featuredmedia":[{"embeddable":true,"href":"https:\/\/informativoelvalledeaguascalientes.online\/index.php?rest_route=\/wp\/v2\/media\/30954"}],"wp:attachment":[{"href":"https:\/\/informativoelvalledeaguascalientes.online\/index.php?rest_route=%2Fwp%2Fv2%2Fmedia&parent=30952"}],"wp:term":[{"taxonomy":"category","embeddable":true,"href":"https:\/\/informativoelvalledeaguascalientes.online\/index.php?rest_route=%2Fwp%2Fv2%2Fcategories&post=30952"},{"taxonomy":"post_tag","embeddable":true,"href":"https:\/\/informativoelvalledeaguascalientes.online\/index.php?rest_route=%2Fwp%2Fv2%2Ftags&post=30952"}],"curies":[{"name":"wp","href":"https:\/\/api.w.org\/{rel}","templated":true}]}}