{"id":30922,"date":"2022-05-15T21:22:31","date_gmt":"2022-05-16T03:22:31","guid":{"rendered":"https:\/\/informativoelvalledeaguascalientes.online\/?p=30922"},"modified":"2022-05-15T21:24:01","modified_gmt":"2022-05-16T03:24:01","slug":"concluye-dif-municipal-cuarto-curso-basico-de-sistema-braille-para-personas-normovisuales","status":"publish","type":"post","link":"https:\/\/informativoelvalledeaguascalientes.online\/?p=30922","title":{"rendered":"CONCLUYE DIF MUNICIPAL CUARTO CURSO B\u00c1SICO DE SISTEMA BRAILLE PARA PERSONAS NORMOVISUALES"},"content":{"rendered":"<p><strong>#informativoelvalledeaguascalientes , #novaradioaguascalientes<\/strong><\/p>\n<ul>\n<li><strong>El taller es impartido por el \u00c1rea de Cultura de la Discapacidad sensibilizando a la ciudadan\u00eda sobre la manera de comunicarse de las personas con discapacidad visual<\/strong><\/li>\n<\/ul>\n<p>El DIF Municipal de Aguascalientes concluy\u00f3 el cuarto curso b\u00e1sico de sistema braille dirigido a personas normovisuales con la finalidad de sensibilizarlas y capacitarlas sobre la manera de comunicarse de las personas con discapacidad visual.<\/p>\n<p>El \u00c1rea de Cultura de la Discapacidad entreg\u00f3 reconocimientos a 13 alumnos que participaron en este taller.<\/p>\n<p>El Braille es un sistema de lectura y escritura t\u00e1ctil pensado en personas invidentes para poder escribir y leer textos, libros y documentos. El curso concluido abord\u00f3 temas como historia del sistema braille, signo generador, serie de la a-j, serie de la k-s, serie de la t-\u00f1, pr\u00e1ctica de series, n\u00fameros y signos de puntuaci\u00f3n.<\/p>\n<p>Para el Municipio de Aguascalientes es importante brindarles un ambiente de inclusi\u00f3n a las personas con discapacidad visual y a su vez instruir a la ciudadan\u00eda y concientizarlas sobre este sistema, por ello el DIF y el \u00c1rea de Cultura de la Discapacidad tiene planeado para iniciar la primera quincena de junio el 5to. Curso B\u00e1sico de manera presencial, los d\u00edas viernes, de 9:00 a 10:30 horas y curso en l\u00ednea los martes y jueves, de 17:00 a 18:00 horas.<\/p>\n<p>Las personas interesadas en tomar este taller pueden presentarse en la oficina de Atenci\u00f3n a la Discapacidad del DIF Municipal ubicada en Av. Guadalupe Gonz\u00e1lez s\/n casi con Av. Universidad Col. Primo Verdad, de 08:30 a 15:00 horas de lunes a viernes, o comunicarse al tel\u00e9fono 449 153 09 80 para solicitar mayor informaci\u00f3n.<\/p>\n","protected":false},"excerpt":{"rendered":"<p>#informativoelvalledeaguascalientes , #novaradioaguascalientes El taller es impartido por el \u00c1rea de Cultura de la Discapacidad sensibilizando a la ciudadan\u00eda sobre la manera de comunicarse de las personas con discapacidad visual El DIF Municipal de Aguascalientes concluy\u00f3 el cuarto curso b\u00e1sico de sistema braille dirigido a personas normovisuales con la finalidad de sensibilizarlas y capacitarlas sobre [&hellip;]<\/p>\n","protected":false},"author":1,"featured_media":30923,"comment_status":"closed","ping_status":"open","sticky":false,"template":"","format":"standard","meta":{"advanced_seo_description":"","jetpack_seo_html_title":"","jetpack_seo_noindex":false,"_jetpack_memberships_contains_paid_content":false,"footnotes":"","jetpack_publicize_message":"","jetpack_publicize_feature_enabled":true,"jetpack_social_post_already_shared":true,"jetpack_social_options":{"image_generator_settings":{"template":"highway","default_image_id":0,"font":"","enabled":false},"version":2}},"categories":[21,3],"tags":[22,25,72],"class_list":["post-30922","post","type-post","status-publish","format-standard","has-post-thumbnail","hentry","category-aguascalientes","category-municipio-aguascalientes","tag-aguascalientes","tag-mpio-aguascalientes","tag-mpio-aguascalientes-dif"],"jetpack_publicize_connections":[],"jetpack_featured_media_url":"https:\/\/i0.wp.com\/informativoelvalledeaguascalientes.online\/wp-content\/uploads\/2022\/05\/DSC_3994-scaled-1.jpg?fit=2560%2C1703&ssl=1","jetpack-related-posts":[],"jetpack_sharing_enabled":true,"jetpack_likes_enabled":true,"_links":{"self":[{"href":"https:\/\/informativoelvalledeaguascalientes.online\/index.php?rest_route=\/wp\/v2\/posts\/30922","targetHints":{"allow":["GET"]}}],"collection":[{"href":"https:\/\/informativoelvalledeaguascalientes.online\/index.php?rest_route=\/wp\/v2\/posts"}],"about":[{"href":"https:\/\/informativoelvalledeaguascalientes.online\/index.php?rest_route=\/wp\/v2\/types\/post"}],"author":[{"embeddable":true,"href":"https:\/\/informativoelvalledeaguascalientes.online\/index.php?rest_route=\/wp\/v2\/users\/1"}],"replies":[{"embeddable":true,"href":"https:\/\/informativoelvalledeaguascalientes.online\/index.php?rest_route=%2Fwp%2Fv2%2Fcomments&post=30922"}],"version-history":[{"count":1,"href":"https:\/\/informativoelvalledeaguascalientes.online\/index.php?rest_route=\/wp\/v2\/posts\/30922\/revisions"}],"predecessor-version":[{"id":30925,"href":"https:\/\/informativoelvalledeaguascalientes.online\/index.php?rest_route=\/wp\/v2\/posts\/30922\/revisions\/30925"}],"wp:featuredmedia":[{"embeddable":true,"href":"https:\/\/informativoelvalledeaguascalientes.online\/index.php?rest_route=\/wp\/v2\/media\/30923"}],"wp:attachment":[{"href":"https:\/\/informativoelvalledeaguascalientes.online\/index.php?rest_route=%2Fwp%2Fv2%2Fmedia&parent=30922"}],"wp:term":[{"taxonomy":"category","embeddable":true,"href":"https:\/\/informativoelvalledeaguascalientes.online\/index.php?rest_route=%2Fwp%2Fv2%2Fcategories&post=30922"},{"taxonomy":"post_tag","embeddable":true,"href":"https:\/\/informativoelvalledeaguascalientes.online\/index.php?rest_route=%2Fwp%2Fv2%2Ftags&post=30922"}],"curies":[{"name":"wp","href":"https:\/\/api.w.org\/{rel}","templated":true}]}}