{"id":3085,"date":"2020-02-17T22:49:49","date_gmt":"2020-02-18T04:49:49","guid":{"rendered":"https:\/\/informativoelvalledeaguascalientes.online\/?p=3085"},"modified":"2020-02-17T22:49:49","modified_gmt":"2020-02-18T04:49:49","slug":"gobierno-del-estado-beneficiara-con-apoyos-y-servicios-a-vecinos-de-la-zona-centro-poniente-de-la-ciudad","status":"publish","type":"post","link":"https:\/\/informativoelvalledeaguascalientes.online\/?p=3085","title":{"rendered":"GOBIERNO DEL ESTADO BENEFICIAR\u00c1 CON APOYOS Y SERVICIOS\u00a0 A VECINOS DE LA ZONA CENTRO-PONIENTE\u00a0 DE LA CIUDAD"},"content":{"rendered":"<p>\u25cf\u00a0\u00a0\u00a0\u00a0\u00a0<b><i>La etapa de visitas se desarroll\u00f3 del 10 al 17 de febrero y se acudi\u00f3 en ese periodo a 6 mil 600 viviendas<\/i><\/b><\/p>\n<p>\u25cf\u00a0\u00a0\u00a0\u00a0\u00a0<b><i>Los m\u00f3dulos de atenci\u00f3n se instalar\u00e1n los d\u00edas 18 y 19 de febrero de 9:00 a 15:00 horas\u00a0en las instalaciones de la Velaria Foro de las Estrellas ubicada en la calle Lienzo Charro de la colonia las Flores<\/i><\/b><\/p>\n<p>El secretario de Desarrollo Social (Sedeso), Paulo Mart\u00ednez L\u00f3pez acompa\u00f1\u00f3 a los brigadistas de <i>Contigo al 100<\/i>, quienes visitaron a los habitantes de la zona centro- poniente de la ciudad, quienes ser\u00e1n beneficiados con descuentos en becas, cursos, consultas m\u00e9dicas, apoyos para el fomento al autoempleo e implementos para la construcci\u00f3n, a trav\u00e9s de la intervenci\u00f3n n\u00famero 32 de esta importante estrategia<i>.<\/i><\/p>\n<p>Al respecto el titular de la Sedeso se\u00f1al\u00f3 que durante la fase de sondeos que realizaron los brigadistas, se tuvo la oportunidad de detectar las necesidades de las personas y poder ofertar los programas y servicios con los que cuenta el Gobierno del Estado a servicio de la poblaci\u00f3n.<\/p>\n<p>Inform\u00f3 que la etapa de visitas se desarroll\u00f3 del 10 al 17 de febrero y se acudi\u00f3 a 6 mil 700 viviendas de las colonias Panorama, San Marcos, Obraje, La Fuente, Circunvalaci\u00f3n, Vivienda Popular, Las Flores, Moderno, Barrio de San Marcos, Las Am\u00e9ricas y Santa Elena.<\/p>\n<p>Mart\u00ednez L\u00f3pez anunci\u00f3 que los m\u00f3dulos de atenci\u00f3n de la intervenci\u00f3n n\u00famero 32 de\u00a0<i>Contigo al 100,<\/i>\u00a0se instalar\u00e1n<b>\u00a0<\/b>los d\u00edas\u00a0 18 y 19 de febrero de 09:00 a 15:00 horas en las instalaciones de la Velaria Foro de las Estrellas ubicada en la calle Lienzo Charro de la colonia las Flores.<\/p>\n<p>\u201cEn las mesas de atenci\u00f3n las personas previamente visitadas, podr\u00e1n solicitar y acceder a servicios tales como: atenci\u00f3n m\u00e9dica y psicol\u00f3gica, asesor\u00edas, an\u00e1lisis, becas, cr\u00e9ditos al autoempleo, talleres y cursos; todo esto con el \u00fanico fin de atender a sus necesidades m\u00e1s apremiantes, destac\u00f3 el funcionario.<\/p>\n<p>Finalmente invit\u00f3 a la poblaci\u00f3n a acudir a las mesas de atenci\u00f3n y aprovechar los servicios, cursos, tr\u00e1mite administrativos y descuentos que ofrecen las 22 instancias que participan en dicha estrategia.<\/p>\n","protected":false},"excerpt":{"rendered":"<p>\u25cf\u00a0\u00a0\u00a0\u00a0\u00a0La etapa de visitas se desarroll\u00f3 del 10 al 17 de febrero y se acudi\u00f3 en ese periodo a 6 mil 600 viviendas \u25cf\u00a0\u00a0\u00a0\u00a0\u00a0Los m\u00f3dulos de atenci\u00f3n se instalar\u00e1n los d\u00edas 18 y 19 de febrero de 9:00 a 15:00 horas\u00a0en las instalaciones de la Velaria Foro de las Estrellas ubicada en la calle Lienzo [&hellip;]<\/p>\n","protected":false},"author":1,"featured_media":3086,"comment_status":"closed","ping_status":"open","sticky":false,"template":"","format":"standard","meta":{"advanced_seo_description":"","jetpack_seo_html_title":"","jetpack_seo_noindex":false,"_jetpack_memberships_contains_paid_content":false,"footnotes":"","jetpack_publicize_message":"","jetpack_publicize_feature_enabled":true,"jetpack_social_post_already_shared":true,"jetpack_social_options":{"image_generator_settings":{"template":"highway","default_image_id":0,"font":"","enabled":false},"version":2}},"categories":[21,4],"tags":[22,24],"class_list":["post-3085","post","type-post","status-publish","format-standard","has-post-thumbnail","hentry","category-aguascalientes","category-gobierno-del-estado-aguascalientes","tag-aguascalientes","tag-sedeso"],"jetpack_publicize_connections":[],"jetpack_featured_media_url":"https:\/\/i0.wp.com\/informativoelvalledeaguascalientes.online\/wp-content\/uploads\/2020\/02\/sedeso_17022020.jpg?fit=873%2C582&ssl=1","jetpack-related-posts":[],"jetpack_sharing_enabled":true,"jetpack_likes_enabled":true,"_links":{"self":[{"href":"https:\/\/informativoelvalledeaguascalientes.online\/index.php?rest_route=\/wp\/v2\/posts\/3085","targetHints":{"allow":["GET"]}}],"collection":[{"href":"https:\/\/informativoelvalledeaguascalientes.online\/index.php?rest_route=\/wp\/v2\/posts"}],"about":[{"href":"https:\/\/informativoelvalledeaguascalientes.online\/index.php?rest_route=\/wp\/v2\/types\/post"}],"author":[{"embeddable":true,"href":"https:\/\/informativoelvalledeaguascalientes.online\/index.php?rest_route=\/wp\/v2\/users\/1"}],"replies":[{"embeddable":true,"href":"https:\/\/informativoelvalledeaguascalientes.online\/index.php?rest_route=%2Fwp%2Fv2%2Fcomments&post=3085"}],"version-history":[{"count":1,"href":"https:\/\/informativoelvalledeaguascalientes.online\/index.php?rest_route=\/wp\/v2\/posts\/3085\/revisions"}],"predecessor-version":[{"id":3087,"href":"https:\/\/informativoelvalledeaguascalientes.online\/index.php?rest_route=\/wp\/v2\/posts\/3085\/revisions\/3087"}],"wp:featuredmedia":[{"embeddable":true,"href":"https:\/\/informativoelvalledeaguascalientes.online\/index.php?rest_route=\/wp\/v2\/media\/3086"}],"wp:attachment":[{"href":"https:\/\/informativoelvalledeaguascalientes.online\/index.php?rest_route=%2Fwp%2Fv2%2Fmedia&parent=3085"}],"wp:term":[{"taxonomy":"category","embeddable":true,"href":"https:\/\/informativoelvalledeaguascalientes.online\/index.php?rest_route=%2Fwp%2Fv2%2Fcategories&post=3085"},{"taxonomy":"post_tag","embeddable":true,"href":"https:\/\/informativoelvalledeaguascalientes.online\/index.php?rest_route=%2Fwp%2Fv2%2Ftags&post=3085"}],"curies":[{"name":"wp","href":"https:\/\/api.w.org\/{rel}","templated":true}]}}