{"id":3081,"date":"2020-02-17T22:46:07","date_gmt":"2020-02-18T04:46:07","guid":{"rendered":"https:\/\/informativoelvalledeaguascalientes.online\/?p=3081"},"modified":"2020-02-17T22:46:07","modified_gmt":"2020-02-18T04:46:07","slug":"abre-convocatoria-al-premio-de-las-buenas-acciones-en-aguascalientes","status":"publish","type":"post","link":"https:\/\/informativoelvalledeaguascalientes.online\/?p=3081","title":{"rendered":"ABRE CONVOCATORIA AL PREMIO DE LAS BUENAS ACCIONES EN AGUASCALIENTES"},"content":{"rendered":"<div class=\"opinion-section opinion-single-cover opinion-indent opinion-overlay\">\n<div class=\"container\">\n<div class=\"section-head row justify-content-center text-center\">\n<div class=\"col-12 col-md-8\"><\/div>\n<\/div>\n<\/div>\n<\/div>\n<div class=\"opinion-section\">\n<div class=\"container\">\n<div class=\"section-content row justify-content-center\">\n<div class=\"col-12 col-lg-8 opinion-order-1\">\n<article class=\"opinion-post opinion-single post-13431 post type-post status-publish format-standard has-post-thumbnail hentry category-colaboracion-internacional tag-convocatoria tag-dia-de-las-buenas-acciones tag-tere-jimenez\">\n<div class=\"entry-content\">\n<ul>\n<li><strong>El Municipio de Aguascalientes y la Consultor\u00eda Favent, reconocer\u00e1n a j\u00f3venes, mujeres, hombres y empresas en Aguascalientes, que buscan un impacto positivo en su entorno<\/strong><\/li>\n<\/ul>\n<p>Gracias a la alianza del Municipio de Aguascalientes y la Consultor\u00eda FAVENT, este a\u00f1o se lanza la convocatoria al premio de las Buenas Acciones que tiene por objetivo reconocer a los j\u00f3venes, mujeres, hombres y empresas en Aguascalientes, que buscan impactar de forma positiva su entorno.<\/p>\n<p>El premio se divide en 4 categor\u00edas: J\u00f3venes, Ciudadanos Ejemplares, Mujeres y Empresas Sociales, con 3 subcategor\u00edas: Compromiso Social, Cultura y Cuidado del Medio Ambiente.<\/p>\n<p>Las propuestas deber\u00e1n enviarse al correo electr\u00f3nico dbaagss@gmail.com, a m\u00e1s tardar el viernes 20 de marzo.<\/p>\n<p>La premiaci\u00f3n se llevar\u00e1 a cabo en el marco de la celebraci\u00f3n del D\u00eda de las Buenas Acciones, que este a\u00f1o se conmemora el 29 de marzo, en un evento que se realizar\u00e1 en el Patio de las Jacarandas, y en donde la ciudadan\u00eda podr\u00e1 disfrutar de actividades culturales, visitar stands de asociaciones civiles, dependencias gubernamentales, entre otros.<\/p>\n<p>Cabe mencionar que el d\u00eda de las Buenas Acciones es un movimiento global que comenz\u00f3 en 2007, como iniciativa de la empresaria y fil\u00e1ntropa Shari Arison, con el fin de invitar a las personas a realizar buenas acciones y poder lograr un cambio positivo en el planeta.<\/p>\n<p>La administraci\u00f3n de la alcaldesa Tere Jim\u00e9nez se suma a esta iniciativa que en Aguascalientes es liderada por la Consultor\u00eda Favent, invitando a la poblaci\u00f3n a consultar la convocatoria y participar en el evento del d\u00eda 29 de marzo.<\/p>\n<\/div>\n<\/article>\n<\/div>\n<\/div>\n<\/div>\n<\/div>\n","protected":false},"excerpt":{"rendered":"<p>El Municipio de Aguascalientes y la Consultor\u00eda Favent, reconocer\u00e1n a j\u00f3venes, mujeres, hombres y empresas en Aguascalientes, que buscan un impacto positivo en su entorno Gracias a la alianza del Municipio de Aguascalientes y la Consultor\u00eda FAVENT, este a\u00f1o se lanza la convocatoria al premio de las Buenas Acciones que tiene por objetivo reconocer a [&hellip;]<\/p>\n","protected":false},"author":1,"featured_media":3082,"comment_status":"closed","ping_status":"open","sticky":false,"template":"","format":"standard","meta":{"advanced_seo_description":"","jetpack_seo_html_title":"","jetpack_seo_noindex":false,"_jetpack_memberships_contains_paid_content":false,"footnotes":"","jetpack_publicize_message":"","jetpack_publicize_feature_enabled":true,"jetpack_social_post_already_shared":true,"jetpack_social_options":{"image_generator_settings":{"template":"highway","default_image_id":0,"font":"","enabled":false},"version":2}},"categories":[21,3],"tags":[22,25],"class_list":["post-3081","post","type-post","status-publish","format-standard","has-post-thumbnail","hentry","category-aguascalientes","category-municipio-aguascalientes","tag-aguascalientes","tag-mpio-aguascalientes"],"jetpack_publicize_connections":[],"jetpack_featured_media_url":"https:\/\/i0.wp.com\/informativoelvalledeaguascalientes.online\/wp-content\/uploads\/2020\/02\/mpio_ags_conv_premio_17022020.jpeg?fit=662%2C1024&ssl=1","jetpack-related-posts":[],"jetpack_sharing_enabled":true,"jetpack_likes_enabled":true,"_links":{"self":[{"href":"https:\/\/informativoelvalledeaguascalientes.online\/index.php?rest_route=\/wp\/v2\/posts\/3081","targetHints":{"allow":["GET"]}}],"collection":[{"href":"https:\/\/informativoelvalledeaguascalientes.online\/index.php?rest_route=\/wp\/v2\/posts"}],"about":[{"href":"https:\/\/informativoelvalledeaguascalientes.online\/index.php?rest_route=\/wp\/v2\/types\/post"}],"author":[{"embeddable":true,"href":"https:\/\/informativoelvalledeaguascalientes.online\/index.php?rest_route=\/wp\/v2\/users\/1"}],"replies":[{"embeddable":true,"href":"https:\/\/informativoelvalledeaguascalientes.online\/index.php?rest_route=%2Fwp%2Fv2%2Fcomments&post=3081"}],"version-history":[{"count":1,"href":"https:\/\/informativoelvalledeaguascalientes.online\/index.php?rest_route=\/wp\/v2\/posts\/3081\/revisions"}],"predecessor-version":[{"id":3083,"href":"https:\/\/informativoelvalledeaguascalientes.online\/index.php?rest_route=\/wp\/v2\/posts\/3081\/revisions\/3083"}],"wp:featuredmedia":[{"embeddable":true,"href":"https:\/\/informativoelvalledeaguascalientes.online\/index.php?rest_route=\/wp\/v2\/media\/3082"}],"wp:attachment":[{"href":"https:\/\/informativoelvalledeaguascalientes.online\/index.php?rest_route=%2Fwp%2Fv2%2Fmedia&parent=3081"}],"wp:term":[{"taxonomy":"category","embeddable":true,"href":"https:\/\/informativoelvalledeaguascalientes.online\/index.php?rest_route=%2Fwp%2Fv2%2Fcategories&post=3081"},{"taxonomy":"post_tag","embeddable":true,"href":"https:\/\/informativoelvalledeaguascalientes.online\/index.php?rest_route=%2Fwp%2Fv2%2Ftags&post=3081"}],"curies":[{"name":"wp","href":"https:\/\/api.w.org\/{rel}","templated":true}]}}