{"id":30799,"date":"2022-05-12T22:46:54","date_gmt":"2022-05-13T04:46:54","guid":{"rendered":"https:\/\/informativoelvalledeaguascalientes.online\/?p=30799"},"modified":"2022-05-12T22:46:54","modified_gmt":"2022-05-13T04:46:54","slug":"el-instituto-municipal-de-la-juventud-invita-a-participar-en-la-nueva-edicion-de-expo-nenis","status":"publish","type":"post","link":"https:\/\/informativoelvalledeaguascalientes.online\/?p=30799","title":{"rendered":"EL INSTITUTO MUNICIPAL DE LA JUVENTUD INVITA A PARTICIPAR EN LA NUEVA EDICI\u00d3N DE \u201cEXPO NENIS\u201d"},"content":{"rendered":"<p><strong>#informativoelvalledeaguascalientes , #novaradioaguascalientes<br \/>\n<\/strong><\/p>\n<ul>\n<li><strong>J\u00f3venes podr\u00e1n ofertar sus productos en una exposici\u00f3n para emprendedores el domingo 29 de mayo en el Jard\u00edn de San Marcos<\/strong><\/li>\n<\/ul>\n<p>Con el objetivo de impulsar al sector j\u00f3venes emprendedores y abrir un espacio para presentar y proyectar su negocio, el Instituto Municipal de la Juventud de Aguascalientes (IMJUVA) invita a participar en una nueva edici\u00f3n de \u201cExpo Nenis\u201d el pr\u00f3ximo domingo 29 de mayo en el Jard\u00edn de San Marcos, de 12:00 a 21:30 horas.<\/p>\n<p>Esta exposici\u00f3n fomenta el autoempleo e impulsa a la poblaci\u00f3n para apoyar la econom\u00eda local dando a conocer nuevos l\u00edderes comerciales los cuales podr\u00e1n ocupar uno de los 200 espacios disponibles.<\/p>\n<p>Para participar\u00a0 los interesados deber\u00e1n registrarse en la p\u00e1gina\u00a0<u><a href=\"https:\/\/forms.gle\/dcyjmTox7RuKYn849\">https:\/\/forms.gle\/dcyjmTox7RuKYn849<\/a><\/u>\u00a0o bien comunicarse a los n\u00fameros 449 147 50 73 y 449 509 39 42 para recibir mayor informaci\u00f3n sobre la din\u00e1mica y cuotas de recuperaci\u00f3n.<\/p>\n<p>&nbsp;<\/p>\n","protected":false},"excerpt":{"rendered":"<p>#informativoelvalledeaguascalientes , #novaradioaguascalientes J\u00f3venes podr\u00e1n ofertar sus productos en una exposici\u00f3n para emprendedores el domingo 29 de mayo en el Jard\u00edn de San Marcos Con el objetivo de impulsar al sector j\u00f3venes emprendedores y abrir un espacio para presentar y proyectar su negocio, el Instituto Municipal de la Juventud de Aguascalientes (IMJUVA) invita a participar [&hellip;]<\/p>\n","protected":false},"author":1,"featured_media":30800,"comment_status":"closed","ping_status":"open","sticky":false,"template":"","format":"standard","meta":{"advanced_seo_description":"","jetpack_seo_html_title":"","jetpack_seo_noindex":false,"_jetpack_memberships_contains_paid_content":false,"footnotes":"","jetpack_publicize_message":"","jetpack_publicize_feature_enabled":true,"jetpack_social_post_already_shared":true,"jetpack_social_options":{"image_generator_settings":{"template":"highway","default_image_id":0,"font":"","enabled":false},"version":2}},"categories":[1],"tags":[22,25,134],"class_list":["post-30799","post","type-post","status-publish","format-standard","has-post-thumbnail","hentry","category-uncategorized","tag-aguascalientes","tag-mpio-aguascalientes","tag-mpio-aguascalientes-imjuva"],"jetpack_publicize_connections":[],"jetpack_featured_media_url":"https:\/\/i0.wp.com\/informativoelvalledeaguascalientes.online\/wp-content\/uploads\/2022\/05\/Exponenis-mayo-2022.jpeg?fit=828%2C1280&ssl=1","jetpack-related-posts":[],"jetpack_sharing_enabled":true,"jetpack_likes_enabled":true,"_links":{"self":[{"href":"https:\/\/informativoelvalledeaguascalientes.online\/index.php?rest_route=\/wp\/v2\/posts\/30799","targetHints":{"allow":["GET"]}}],"collection":[{"href":"https:\/\/informativoelvalledeaguascalientes.online\/index.php?rest_route=\/wp\/v2\/posts"}],"about":[{"href":"https:\/\/informativoelvalledeaguascalientes.online\/index.php?rest_route=\/wp\/v2\/types\/post"}],"author":[{"embeddable":true,"href":"https:\/\/informativoelvalledeaguascalientes.online\/index.php?rest_route=\/wp\/v2\/users\/1"}],"replies":[{"embeddable":true,"href":"https:\/\/informativoelvalledeaguascalientes.online\/index.php?rest_route=%2Fwp%2Fv2%2Fcomments&post=30799"}],"version-history":[{"count":1,"href":"https:\/\/informativoelvalledeaguascalientes.online\/index.php?rest_route=\/wp\/v2\/posts\/30799\/revisions"}],"predecessor-version":[{"id":30802,"href":"https:\/\/informativoelvalledeaguascalientes.online\/index.php?rest_route=\/wp\/v2\/posts\/30799\/revisions\/30802"}],"wp:featuredmedia":[{"embeddable":true,"href":"https:\/\/informativoelvalledeaguascalientes.online\/index.php?rest_route=\/wp\/v2\/media\/30800"}],"wp:attachment":[{"href":"https:\/\/informativoelvalledeaguascalientes.online\/index.php?rest_route=%2Fwp%2Fv2%2Fmedia&parent=30799"}],"wp:term":[{"taxonomy":"category","embeddable":true,"href":"https:\/\/informativoelvalledeaguascalientes.online\/index.php?rest_route=%2Fwp%2Fv2%2Fcategories&post=30799"},{"taxonomy":"post_tag","embeddable":true,"href":"https:\/\/informativoelvalledeaguascalientes.online\/index.php?rest_route=%2Fwp%2Fv2%2Ftags&post=30799"}],"curies":[{"name":"wp","href":"https:\/\/api.w.org\/{rel}","templated":true}]}}