{"id":3069,"date":"2020-02-17T22:24:28","date_gmt":"2020-02-18T04:24:28","guid":{"rendered":"https:\/\/informativoelvalledeaguascalientes.online\/?p=3069"},"modified":"2020-02-17T22:24:28","modified_gmt":"2020-02-18T04:24:28","slug":"sesiono-el-gabinete-de-infraestructura-desarrollo-urbano-movilidad-y-medio-ambiente-del-gobierno-del-estado","status":"publish","type":"post","link":"https:\/\/informativoelvalledeaguascalientes.online\/?p=3069","title":{"rendered":"SESION\u00d3 EL GABINETE DE INFRAESTRUCTURA, DESARROLLO URBANO, MOVILIDAD Y MEDIO AMBIENTE DEL GOBIERNO DEL ESTADO"},"content":{"rendered":"<p style=\"font-weight: 400;\">El Director de la Coordinaci\u00f3n General de Planeaci\u00f3n y Proyectos (Cplap), Ricardo Alfredo Serrano Rangel junto con el Jefe de Gabinete, Jaime Gonz\u00e1lez de Le\u00f3n, encabezaron la primer sesi\u00f3n de trabajo de este a\u00f1o del\u00a0 Gabinete de Infraestructura, desarrollo urbano, movilidad y medio ambiente del Gobierno del Estado, en la que se present\u00f3 el Programa Anual de Obra P\u00fablica y de servicios relacionados 2020.<\/p>\n<p style=\"font-weight: 400;\">\n<p style=\"font-weight: 400;\">Durante la reuni\u00f3n, el funcionario ofreci\u00f3 un informe sobre los proyectos en esta materia tanto en cartera, como de los que se tienen planeados ejecutar a lo largo de este a\u00f1o, con el objetivo de continuar generando y mejorando infraestructura en los sectores estrat\u00e9gicos tales como el de salud, educaci\u00f3n y desarrollo social.<\/p>\n<p style=\"font-weight: 400;\">\n<p style=\"font-weight: 400;\">Asimismo conmin\u00f3 a los integrantes del gabinete a continuar trabajando con el mismo br\u00edo con el que han desempe\u00f1ado su encomienda, con miras a ejercer su labor en beneficio de todas las familias de aguascalentenses.<\/p>\n","protected":false},"excerpt":{"rendered":"<p>El Director de la Coordinaci\u00f3n General de Planeaci\u00f3n y Proyectos (Cplap), Ricardo Alfredo Serrano Rangel junto con el Jefe de Gabinete, Jaime Gonz\u00e1lez de Le\u00f3n, encabezaron la primer sesi\u00f3n de trabajo de este a\u00f1o del\u00a0 Gabinete de Infraestructura, desarrollo urbano, movilidad y medio ambiente del Gobierno del Estado, en la que se present\u00f3 el Programa [&hellip;]<\/p>\n","protected":false},"author":1,"featured_media":3070,"comment_status":"closed","ping_status":"open","sticky":false,"template":"","format":"standard","meta":{"advanced_seo_description":"","jetpack_seo_html_title":"","jetpack_seo_noindex":false,"_jetpack_memberships_contains_paid_content":false,"footnotes":"","jetpack_publicize_message":"","jetpack_publicize_feature_enabled":true,"jetpack_social_post_already_shared":true,"jetpack_social_options":{"image_generator_settings":{"template":"highway","default_image_id":0,"font":"","enabled":false},"version":2}},"categories":[21,4],"tags":[22,71],"class_list":["post-3069","post","type-post","status-publish","format-standard","has-post-thumbnail","hentry","category-aguascalientes","category-gobierno-del-estado-aguascalientes","tag-aguascalientes","tag-cplap"],"jetpack_publicize_connections":[],"jetpack_featured_media_url":"https:\/\/i0.wp.com\/informativoelvalledeaguascalientes.online\/wp-content\/uploads\/2020\/02\/cplap_17022020.jpg?fit=946%2C631&ssl=1","jetpack-related-posts":[],"jetpack_sharing_enabled":true,"jetpack_likes_enabled":true,"_links":{"self":[{"href":"https:\/\/informativoelvalledeaguascalientes.online\/index.php?rest_route=\/wp\/v2\/posts\/3069","targetHints":{"allow":["GET"]}}],"collection":[{"href":"https:\/\/informativoelvalledeaguascalientes.online\/index.php?rest_route=\/wp\/v2\/posts"}],"about":[{"href":"https:\/\/informativoelvalledeaguascalientes.online\/index.php?rest_route=\/wp\/v2\/types\/post"}],"author":[{"embeddable":true,"href":"https:\/\/informativoelvalledeaguascalientes.online\/index.php?rest_route=\/wp\/v2\/users\/1"}],"replies":[{"embeddable":true,"href":"https:\/\/informativoelvalledeaguascalientes.online\/index.php?rest_route=%2Fwp%2Fv2%2Fcomments&post=3069"}],"version-history":[{"count":1,"href":"https:\/\/informativoelvalledeaguascalientes.online\/index.php?rest_route=\/wp\/v2\/posts\/3069\/revisions"}],"predecessor-version":[{"id":3071,"href":"https:\/\/informativoelvalledeaguascalientes.online\/index.php?rest_route=\/wp\/v2\/posts\/3069\/revisions\/3071"}],"wp:featuredmedia":[{"embeddable":true,"href":"https:\/\/informativoelvalledeaguascalientes.online\/index.php?rest_route=\/wp\/v2\/media\/3070"}],"wp:attachment":[{"href":"https:\/\/informativoelvalledeaguascalientes.online\/index.php?rest_route=%2Fwp%2Fv2%2Fmedia&parent=3069"}],"wp:term":[{"taxonomy":"category","embeddable":true,"href":"https:\/\/informativoelvalledeaguascalientes.online\/index.php?rest_route=%2Fwp%2Fv2%2Fcategories&post=3069"},{"taxonomy":"post_tag","embeddable":true,"href":"https:\/\/informativoelvalledeaguascalientes.online\/index.php?rest_route=%2Fwp%2Fv2%2Ftags&post=3069"}],"curies":[{"name":"wp","href":"https:\/\/api.w.org\/{rel}","templated":true}]}}