{"id":30680,"date":"2022-05-09T22:24:39","date_gmt":"2022-05-10T04:24:39","guid":{"rendered":"https:\/\/informativoelvalledeaguascalientes.online\/?p=30680"},"modified":"2022-05-09T22:26:26","modified_gmt":"2022-05-10T04:26:26","slug":"del-16-al-27-de-mayo-se-realizara-la-primera-jornada-nacional-de-salud-publica","status":"publish","type":"post","link":"https:\/\/informativoelvalledeaguascalientes.online\/?p=30680","title":{"rendered":"DEL 16 AL 27 DE MAYO SE REALIZAR\u00c1 LA PRIMERA JORNADA NACIONAL DE SALUD P\u00daBLICA"},"content":{"rendered":"<p dir=\"ltr\"><strong>#informativoelvalledeaguascalientes , #novaradioaguascalientes<br \/>\n<\/strong><\/p>\n<p>&nbsp;<\/p>\n<ul>\n<li dir=\"ltr\">\n<p dir=\"ltr\" role=\"presentation\">Esta Jornada se pondr\u00e1 especial atenci\u00f3n en la atenci\u00f3n a grupos vulnerables para promover mejores condiciones de salud y mejorar su calidad de vida<\/p>\n<\/li>\n<li dir=\"ltr\">\n<p dir=\"ltr\" role=\"presentation\">Entre las acciones que se llevar\u00e1n a cabo est\u00e1n: el complemento de los esquemas de vacunaci\u00f3n a ni\u00f1os de entre 0 y 9 a\u00f1os, la vacunaci\u00f3n contra el sarampi\u00f3n, rub\u00e9ola y hepatitis B, se estar\u00e1 ofreciendo orientaci\u00f3n sobre m\u00e9todos anticonceptivos, talleres preventivos sobre salud mental, entre otros.<\/p>\n<\/li>\n<\/ul>\n<p>&nbsp;<\/p>\n<p dir=\"ltr\">Del 16 al 27 de mayo se llevar\u00e1 a cabo la Primera Jornada Nacional de Salud P\u00fablica, que tiene por objetivo acercar los servicios m\u00e9dicos a la poblaci\u00f3n de todas las edades, por lo que en Aguascalientes se intensificar\u00e1n los servicios de primer nivel de atenci\u00f3n.<\/p>\n<p>&nbsp;<\/p>\n<p dir=\"ltr\">La directora de Servicios de Salud del Instituto de Servicios de Salud del Estado de Aguascalientes (ISSEA), Fabiola Alejandra Rangel Lezama, inform\u00f3 que en esta Jornada se pondr\u00e1 especial atenci\u00f3n en los grupos vulnerables para promover mejores condiciones de salud y mejorar su calidad de vida.<\/p>\n<p>&nbsp;<\/p>\n<p dir=\"ltr\">Entre las acciones que se llevar\u00e1n a cabo en esta Jornada Nacional de Salud P\u00fablica est\u00e1n: el complemento de los esquemas de vacunaci\u00f3n a ni\u00f1os de entre 0 y 9 a\u00f1os, la vacunaci\u00f3n contra el sarampi\u00f3n, rub\u00e9ola y hepatitis B, se estar\u00e1 ofreciendo orientaci\u00f3n sobre m\u00e9todos anticonceptivos, talleres preventivos sobre salud mental, orientaci\u00f3n y ense\u00f1anza sobre la t\u00e9cnica correcta de autoexploraci\u00f3n para la detecci\u00f3n del c\u00e1ncer de mama, m\u00f3dulos informativos sobre salud materna, orientaci\u00f3n sobre enfermedades cardiometab\u00f3licas e informaci\u00f3n sobre las se\u00f1ales de alarma de las enfermedades diarr\u00e9icas agudas.<\/p>\n<p>&nbsp;<\/p>\n<p dir=\"ltr\">Finalmente, dijo que todos los servicios de primer nivel, es decir, centros de salud y hospitales que ofrecen atenci\u00f3n primaria, estar\u00e1n redoblando esfuerzos para que toda la poblaci\u00f3n reciba servicios m\u00e9dicos de manera oportuna.<\/p>\n<p>&nbsp;<\/p>\n<div class=\"yj6qo\"><\/div>\n<div class=\"adL\"><\/div>\n","protected":false},"excerpt":{"rendered":"<p>#informativoelvalledeaguascalientes , #novaradioaguascalientes &nbsp; Esta Jornada se pondr\u00e1 especial atenci\u00f3n en la atenci\u00f3n a grupos vulnerables para promover mejores condiciones de salud y mejorar su calidad de vida Entre las acciones que se llevar\u00e1n a cabo est\u00e1n: el complemento de los esquemas de vacunaci\u00f3n a ni\u00f1os de entre 0 y 9 a\u00f1os, la vacunaci\u00f3n contra [&hellip;]<\/p>\n","protected":false},"author":1,"featured_media":30682,"comment_status":"closed","ping_status":"open","sticky":false,"template":"","format":"standard","meta":{"advanced_seo_description":"","jetpack_seo_html_title":"","jetpack_seo_noindex":false,"_jetpack_memberships_contains_paid_content":false,"footnotes":"","jetpack_publicize_message":"","jetpack_publicize_feature_enabled":true,"jetpack_social_post_already_shared":true,"jetpack_social_options":{"image_generator_settings":{"template":"highway","default_image_id":0,"font":"","enabled":false},"version":2}},"categories":[1],"tags":[22,30],"class_list":["post-30680","post","type-post","status-publish","format-standard","has-post-thumbnail","hentry","category-uncategorized","tag-aguascalientes","tag-issea"],"jetpack_publicize_connections":[],"jetpack_featured_media_url":"https:\/\/i0.wp.com\/informativoelvalledeaguascalientes.online\/wp-content\/uploads\/2022\/05\/WhatsApp-Image-2022-05-04-at-12.18.53-PM.jpeg?fit=1280%2C1280&ssl=1","jetpack-related-posts":[],"jetpack_sharing_enabled":true,"jetpack_likes_enabled":true,"_links":{"self":[{"href":"https:\/\/informativoelvalledeaguascalientes.online\/index.php?rest_route=\/wp\/v2\/posts\/30680","targetHints":{"allow":["GET"]}}],"collection":[{"href":"https:\/\/informativoelvalledeaguascalientes.online\/index.php?rest_route=\/wp\/v2\/posts"}],"about":[{"href":"https:\/\/informativoelvalledeaguascalientes.online\/index.php?rest_route=\/wp\/v2\/types\/post"}],"author":[{"embeddable":true,"href":"https:\/\/informativoelvalledeaguascalientes.online\/index.php?rest_route=\/wp\/v2\/users\/1"}],"replies":[{"embeddable":true,"href":"https:\/\/informativoelvalledeaguascalientes.online\/index.php?rest_route=%2Fwp%2Fv2%2Fcomments&post=30680"}],"version-history":[{"count":2,"href":"https:\/\/informativoelvalledeaguascalientes.online\/index.php?rest_route=\/wp\/v2\/posts\/30680\/revisions"}],"predecessor-version":[{"id":30683,"href":"https:\/\/informativoelvalledeaguascalientes.online\/index.php?rest_route=\/wp\/v2\/posts\/30680\/revisions\/30683"}],"wp:featuredmedia":[{"embeddable":true,"href":"https:\/\/informativoelvalledeaguascalientes.online\/index.php?rest_route=\/wp\/v2\/media\/30682"}],"wp:attachment":[{"href":"https:\/\/informativoelvalledeaguascalientes.online\/index.php?rest_route=%2Fwp%2Fv2%2Fmedia&parent=30680"}],"wp:term":[{"taxonomy":"category","embeddable":true,"href":"https:\/\/informativoelvalledeaguascalientes.online\/index.php?rest_route=%2Fwp%2Fv2%2Fcategories&post=30680"},{"taxonomy":"post_tag","embeddable":true,"href":"https:\/\/informativoelvalledeaguascalientes.online\/index.php?rest_route=%2Fwp%2Fv2%2Ftags&post=30680"}],"curies":[{"name":"wp","href":"https:\/\/api.w.org\/{rel}","templated":true}]}}