{"id":30650,"date":"2022-05-08T17:55:34","date_gmt":"2022-05-08T23:55:34","guid":{"rendered":"https:\/\/informativoelvalledeaguascalientes.online\/?p=30650"},"modified":"2022-05-08T17:55:34","modified_gmt":"2022-05-08T23:55:34","slug":"aguascalientes-se-sumara-a-la-agenda-internacional-de-cuidado-al-medio-ambiente-tere-jimenez","status":"publish","type":"post","link":"https:\/\/informativoelvalledeaguascalientes.online\/?p=30650","title":{"rendered":"\u201cAGUASCALIENTES SE SUMAR\u00c1 A LA AGENDA INTERNACIONAL DE CUIDADO AL MEDIO AMBIENTE\u201d: TERE JIM\u00c9NEZ"},"content":{"rendered":"<p><strong>#informativoelvalledeaguascalientes , #novaradioaguascalientes<br \/>\n<\/strong><\/p>\n<p>\u2022 Los 2 mil 154 edificios de la administraci\u00f3n estatal de Aguascalientes contar\u00e1n con paneles solares<\/p>\n<p>\u2022 Se otorgar\u00e1n subsidios productivos a emprendedores y microempresarios<\/p>\n<p>La candidata de la coalici\u00f3n \u201cVa Por Aguascalientes\u201d, Tere Jim\u00e9nez, dio a conocer que, durante su gesti\u00f3n, se impulsar\u00e1 el uso de energ\u00edas limpias. Se\u00f1al\u00f3 que esto significar\u00e1 importantes ahorros para la administraci\u00f3n y contribuir con medidas adecuadas para reducir emisiones contaminantes.<\/p>\n<p><strong>Tere Jim\u00e9nez<\/strong> explic\u00f3 que, en una primera fase, se impulsar\u00e1 la colocaci\u00f3n de paneles solares en los 2 mil 154 edificios de la administraci\u00f3n estatal de Aguascalientes. Esto representar\u00eda un ahorro superior al 90 por ciento en el presupuesto destinado al pago de electricidad, proyectando que la inversi\u00f3n pueda recuperarse en 2 a\u00f1os. El funcionamiento de estas celdas est\u00e1 garantizado por lo menos durante 25 a\u00f1os.<\/p>\n<p>La candidata a la gubernatura se\u00f1al\u00f3 que impulsar\u00e1 la posibilidad de que las familias de Aguascalientes cuenten con estas energ\u00edas limpias, por lo que se otorgar\u00e1n apoyos, sobre todo, a quienes cuenten con alg\u00fan negocio, lo que representar\u00eda una gran ayuda para sus finanzas personales.<\/p>\n<p>Asimismo, se otorgar\u00e1n subsidios productivos a emprendedores y microempresarios que cuenten con un negocio con m\u00e1s de un a\u00f1o de operaci\u00f3n y tengan el deseo de sumarse a este movimiento. Se proyecta tambi\u00e9n que el parque vehicular oficial cambie de gasolina a gas; as\u00ed como diversos apoyos para que las familias de nuestro estado cuenten con un calentador solar.<\/p>\n<p>Tere Jim\u00e9nez destac\u00f3 que su administraci\u00f3n promover\u00e1 el uso de nuevas tecnolog\u00edas, que suponen, adem\u00e1s de reducir el impacto ambiental, la posibilidad de mejorar la calidad de vida de las familias de ahora y de generaciones futuras. La candidata explic\u00f3 que el camino no es nada f\u00e1cil, pero que vale la pena intentarlo y sembrar as\u00ed las bases de un mejor ma\u00f1ana para nuestro Aguascalientes.<\/p>\n","protected":false},"excerpt":{"rendered":"<p>#informativoelvalledeaguascalientes , #novaradioaguascalientes \u2022 Los 2 mil 154 edificios de la administraci\u00f3n estatal de Aguascalientes contar\u00e1n con paneles solares \u2022 Se otorgar\u00e1n subsidios productivos a emprendedores y microempresarios La candidata de la coalici\u00f3n \u201cVa Por Aguascalientes\u201d, Tere Jim\u00e9nez, dio a conocer que, durante su gesti\u00f3n, se impulsar\u00e1 el uso de energ\u00edas limpias. Se\u00f1al\u00f3 que esto [&hellip;]<\/p>\n","protected":false},"author":1,"featured_media":30651,"comment_status":"closed","ping_status":"open","sticky":false,"template":"","format":"standard","meta":{"advanced_seo_description":"","jetpack_seo_html_title":"","jetpack_seo_noindex":false,"_jetpack_memberships_contains_paid_content":false,"footnotes":"","jetpack_publicize_message":"","jetpack_publicize_feature_enabled":true,"jetpack_social_post_already_shared":true,"jetpack_social_options":{"image_generator_settings":{"template":"highway","default_image_id":0,"font":"","enabled":false},"version":2}},"categories":[21,7],"tags":[22,23,43,320],"class_list":["post-30650","post","type-post","status-publish","format-standard","has-post-thumbnail","hentry","category-aguascalientes","category-pan-aguascalientes","tag-aguascalientes","tag-pan-aguascalientes","tag-pan-aguascalientes-cde","tag-tere-jimenez"],"jetpack_publicize_connections":[],"jetpack_featured_media_url":"https:\/\/i0.wp.com\/informativoelvalledeaguascalientes.online\/wp-content\/uploads\/2022\/05\/b73b09e3-aa42-4e25-bf71-cdd7fe4a3395.jpg?fit=1024%2C570&ssl=1","jetpack-related-posts":[],"jetpack_sharing_enabled":true,"jetpack_likes_enabled":true,"_links":{"self":[{"href":"https:\/\/informativoelvalledeaguascalientes.online\/index.php?rest_route=\/wp\/v2\/posts\/30650","targetHints":{"allow":["GET"]}}],"collection":[{"href":"https:\/\/informativoelvalledeaguascalientes.online\/index.php?rest_route=\/wp\/v2\/posts"}],"about":[{"href":"https:\/\/informativoelvalledeaguascalientes.online\/index.php?rest_route=\/wp\/v2\/types\/post"}],"author":[{"embeddable":true,"href":"https:\/\/informativoelvalledeaguascalientes.online\/index.php?rest_route=\/wp\/v2\/users\/1"}],"replies":[{"embeddable":true,"href":"https:\/\/informativoelvalledeaguascalientes.online\/index.php?rest_route=%2Fwp%2Fv2%2Fcomments&post=30650"}],"version-history":[{"count":1,"href":"https:\/\/informativoelvalledeaguascalientes.online\/index.php?rest_route=\/wp\/v2\/posts\/30650\/revisions"}],"predecessor-version":[{"id":30652,"href":"https:\/\/informativoelvalledeaguascalientes.online\/index.php?rest_route=\/wp\/v2\/posts\/30650\/revisions\/30652"}],"wp:featuredmedia":[{"embeddable":true,"href":"https:\/\/informativoelvalledeaguascalientes.online\/index.php?rest_route=\/wp\/v2\/media\/30651"}],"wp:attachment":[{"href":"https:\/\/informativoelvalledeaguascalientes.online\/index.php?rest_route=%2Fwp%2Fv2%2Fmedia&parent=30650"}],"wp:term":[{"taxonomy":"category","embeddable":true,"href":"https:\/\/informativoelvalledeaguascalientes.online\/index.php?rest_route=%2Fwp%2Fv2%2Fcategories&post=30650"},{"taxonomy":"post_tag","embeddable":true,"href":"https:\/\/informativoelvalledeaguascalientes.online\/index.php?rest_route=%2Fwp%2Fv2%2Ftags&post=30650"}],"curies":[{"name":"wp","href":"https:\/\/api.w.org\/{rel}","templated":true}]}}