{"id":30649,"date":"2022-05-08T17:58:25","date_gmt":"2022-05-08T23:58:25","guid":{"rendered":"https:\/\/informativoelvalledeaguascalientes.online\/?p=30649"},"modified":"2022-05-08T17:58:25","modified_gmt":"2022-05-08T23:58:25","slug":"visitaremos-hasta-el-ultimo-rincon-de-aguascalientes-para-ayudar-a-nuestra-gente-tere-jimenez","status":"publish","type":"post","link":"https:\/\/informativoelvalledeaguascalientes.online\/?p=30649","title":{"rendered":"\u201cVISITAREMOS HASTA EL \u00daLTIMO RINC\u00d3N DE AGUASCALIENTES PARA AYUDAR A NUESTRA GENTE:\u201d TERE JIM\u00c9NEZ"},"content":{"rendered":"<p><strong>#informativoelvalledeaguascalientes , #novaradioaguascalientes<br \/>\n<\/strong><\/p>\n<p>Con el respaldo de varios destacados protagonistas de la pol\u00edtica mexicana, la candidata a la Gubernatura del Estado de la coalici\u00f3n \u201cVa Por Aguascalientes\u201d, Tere Jim\u00e9nez, hizo saber a los ciudadanos que cada vez se acerca m\u00e1s la fecha para que nuestro estado tenga a su primera gobernadora en la historia.<\/p>\n<p>Se\u00f1al\u00f3 que su voto es importante para cambiar la realidad y permitir que importantes programas se consoliden en beneficio de mujeres, ni\u00f1os y ni\u00f1as, hombres trabajadores y personas vulnerables de la entidad.<\/p>\n<p>Tras dar a conocer los programas dise\u00f1ados de acuerdo a los intereses que le ha transmitido la propia ciudadan\u00eda, hizo saber que su gesti\u00f3n estar\u00e1 siempre cercana a todos y record\u00f3 que las labores de un servidor p\u00fablico deben estar encaminadas a ayudar, servir y cambiar vidas, teniendo como objetivo impactar positivamente en la realidad.<\/p>\n<p>La candidata de la coalici\u00f3n \u201cVa Por Aguascalientes\u201d se\u00f1al\u00f3 que continuar\u00e1 su gira por comunidades rurales y todos aquellos rincones en donde un aguascalentense necesite una aliada.<\/p>\n<p>\u201cConstruiremos un mejor Aguascalientes, con congruencia y con trabajo; iremos hasta la ultimas comunidades para ayudar a nuestra gente. La pol\u00edtica es para ayudar, para servir, para seguir adelante y cambiar vidas.\u201d<\/p>\n","protected":false},"excerpt":{"rendered":"<p>#informativoelvalledeaguascalientes , #novaradioaguascalientes Con el respaldo de varios destacados protagonistas de la pol\u00edtica mexicana, la candidata a la Gubernatura del Estado de la coalici\u00f3n \u201cVa Por Aguascalientes\u201d, Tere Jim\u00e9nez, hizo saber a los ciudadanos que cada vez se acerca m\u00e1s la fecha para que nuestro estado tenga a su primera gobernadora en la historia. Se\u00f1al\u00f3 [&hellip;]<\/p>\n","protected":false},"author":1,"featured_media":30653,"comment_status":"closed","ping_status":"open","sticky":false,"template":"","format":"standard","meta":{"advanced_seo_description":"","jetpack_seo_html_title":"","jetpack_seo_noindex":false,"_jetpack_memberships_contains_paid_content":false,"footnotes":"","jetpack_publicize_message":"","jetpack_publicize_feature_enabled":true,"jetpack_social_post_already_shared":true,"jetpack_social_options":{"image_generator_settings":{"template":"highway","default_image_id":0,"font":"","enabled":false},"version":2}},"categories":[21,7],"tags":[22,23,43,320],"class_list":["post-30649","post","type-post","status-publish","format-standard","has-post-thumbnail","hentry","category-aguascalientes","category-pan-aguascalientes","tag-aguascalientes","tag-pan-aguascalientes","tag-pan-aguascalientes-cde","tag-tere-jimenez"],"jetpack_publicize_connections":[],"jetpack_featured_media_url":"https:\/\/i0.wp.com\/informativoelvalledeaguascalientes.online\/wp-content\/uploads\/2022\/05\/b62cd6a9-35c2-4667-8f93-c6c449930935.jpg?fit=1200%2C800&ssl=1","jetpack-related-posts":[],"jetpack_sharing_enabled":true,"jetpack_likes_enabled":true,"_links":{"self":[{"href":"https:\/\/informativoelvalledeaguascalientes.online\/index.php?rest_route=\/wp\/v2\/posts\/30649","targetHints":{"allow":["GET"]}}],"collection":[{"href":"https:\/\/informativoelvalledeaguascalientes.online\/index.php?rest_route=\/wp\/v2\/posts"}],"about":[{"href":"https:\/\/informativoelvalledeaguascalientes.online\/index.php?rest_route=\/wp\/v2\/types\/post"}],"author":[{"embeddable":true,"href":"https:\/\/informativoelvalledeaguascalientes.online\/index.php?rest_route=\/wp\/v2\/users\/1"}],"replies":[{"embeddable":true,"href":"https:\/\/informativoelvalledeaguascalientes.online\/index.php?rest_route=%2Fwp%2Fv2%2Fcomments&post=30649"}],"version-history":[{"count":1,"href":"https:\/\/informativoelvalledeaguascalientes.online\/index.php?rest_route=\/wp\/v2\/posts\/30649\/revisions"}],"predecessor-version":[{"id":30654,"href":"https:\/\/informativoelvalledeaguascalientes.online\/index.php?rest_route=\/wp\/v2\/posts\/30649\/revisions\/30654"}],"wp:featuredmedia":[{"embeddable":true,"href":"https:\/\/informativoelvalledeaguascalientes.online\/index.php?rest_route=\/wp\/v2\/media\/30653"}],"wp:attachment":[{"href":"https:\/\/informativoelvalledeaguascalientes.online\/index.php?rest_route=%2Fwp%2Fv2%2Fmedia&parent=30649"}],"wp:term":[{"taxonomy":"category","embeddable":true,"href":"https:\/\/informativoelvalledeaguascalientes.online\/index.php?rest_route=%2Fwp%2Fv2%2Fcategories&post=30649"},{"taxonomy":"post_tag","embeddable":true,"href":"https:\/\/informativoelvalledeaguascalientes.online\/index.php?rest_route=%2Fwp%2Fv2%2Ftags&post=30649"}],"curies":[{"name":"wp","href":"https:\/\/api.w.org\/{rel}","templated":true}]}}