{"id":30643,"date":"2022-05-08T17:52:11","date_gmt":"2022-05-08T23:52:11","guid":{"rendered":"https:\/\/informativoelvalledeaguascalientes.online\/?p=30643"},"modified":"2022-05-08T17:52:11","modified_gmt":"2022-05-08T23:52:11","slug":"todo-mi-apoyo-para-el-campo-de-aguascalientes-tere-jimenez","status":"publish","type":"post","link":"https:\/\/informativoelvalledeaguascalientes.online\/?p=30643","title":{"rendered":"\u201cTODO MI APOYO PARA EL CAMPO DE AGUASCALIENTES\u201d: TERE JIM\u00c9NEZ"},"content":{"rendered":"<p><strong>#informativoelvalledeaguascalientes , #novaradioaguascalientes<\/strong><\/p>\n<p>\u2022 Se desarrollar\u00e1n parques especiales para fortalecer la agroindustria del estado y darle promoci\u00f3n dentro y fuera de M\u00e9xico.<\/p>\n<p>\u2022 Productores tendr\u00e1n apoyo para modernizar y tecnificar sus sistemas de riego.<\/p>\n<p>\u2022 Se dar\u00e1 fuerte impulso a la exportaci\u00f3n bajo la marca \u201cHecho en Aguascalientes\u201d.<\/p>\n<p>Tere Jim\u00e9nez firm\u00f3 este viernes una alianza con productores del campo, comprometi\u00e9ndose a fortalecer al sector primario e impulsar mejores condiciones para competir a nivel internacional.<\/p>\n<p>Acompa\u00f1ada del presidente nacional del Partido Acci\u00f3n Nacional (PAN), Marko Cort\u00e9s, reconoci\u00f3 la labor y esfuerzo de los trabajadores del campo, que coloca a Aguascalientes como uno de los principales exportadores de lechuga, guayaba, uva, pollo y leche, entre otros productos.<\/p>\n<p>La candidata a la gubernatura se\u00f1al\u00f3 que su administraci\u00f3n luchar\u00e1 por hacer de Aguascalientes una tierra de oportunidades, tanto para productores grandes como peque\u00f1os. Para ello, su plan de gobierno contempla medidas estrat\u00e9gicas destinadas a generar ahorros y elevar la productividad.<\/p>\n<p>Se desarrollar\u00e1n parques especiales para fortalecer la agroindustria del estado y darle promoci\u00f3n dentro y fuera de M\u00e9xico. \u201cApoyaremos con mucha fuerza la comercializaci\u00f3n de los productos del campo de Aguascalientes en nuevos mercados; brindaremos las condiciones para dar un mayor valor agregado a nuestra amplia producci\u00f3n\u201d, dijo.<\/p>\n<p>Su administraci\u00f3n impulsar\u00e1 la exportaci\u00f3n bajo la marca \u201cHecho en Aguascalientes\u201d, dando valor agregado a los productos. Se otorgar\u00e1n Cr\u00e9ditos a la Palabra a agricultores y ganaderos, con intereses bajos y pagos flexibles. Adem\u00e1s, se otorgar\u00e1n seguros para el campo, con el objeto de proteger los cultivos contra da\u00f1os por las inclemencias del tiempo. Se pretende tambi\u00e9n conformar un Programa de Prevenci\u00f3n y Atenci\u00f3n a la Sequ\u00eda, por ser una de las principales preocupaciones que productores de temporal le han expresado a Tere Jim\u00e9nez.<\/p>\n<p>Se consolidar\u00e1 la agricultura protegida y se impulsar\u00e1n m\u00e9todos autosustentables en apoyo a los peque\u00f1os productores, as\u00ed como la diversificaci\u00f3n y reconversi\u00f3n de cultivos. Se conformar\u00e1 un Centro de Acopio de Semillas para que los campesinos accedan a la materia prima a un mejor precio.<\/p>\n<p>Los productores tendr\u00e1n apoyo para modernizar y tecnificar sus sistemas de riego y se implementar\u00e1 una estrategia que permita el aprovechamiento del agua de las presas; en este mismo sentido, el Distrito de Riego 01 se fortalecer\u00e1 y se rehabilitar\u00e1n bordos parcelarios y abrevaderos.<\/p>\n<p>La candidata de la coalici\u00f3n \u201cVa Por Aguascalientes\u201d dijo que su administraci\u00f3n trabajar\u00e1 por los m\u00e1s de 25 mil productores que todos los d\u00edas se esfuerzan por sacar adelante a sus familias con una labor tan noble y tan necesaria. En su gira por comunidades ha conocido el sentir de este sector y esto la impulsa a trabajar y dar lo mejor de s\u00ed para Aguascalientes.<\/p>\n<p>\u201cDaremos mayor seguridad para invertir. Contar\u00e1n conmigo para proteger y cuidar esta tierra de la gente buena, para que sus productos lleguen, no solo a las mesas de las familias mexicanas, sino a las de otras partes del mundo\u201d, finaliz\u00f3.<\/p>\n","protected":false},"excerpt":{"rendered":"<p>#informativoelvalledeaguascalientes , #novaradioaguascalientes \u2022 Se desarrollar\u00e1n parques especiales para fortalecer la agroindustria del estado y darle promoci\u00f3n dentro y fuera de M\u00e9xico. \u2022 Productores tendr\u00e1n apoyo para modernizar y tecnificar sus sistemas de riego. \u2022 Se dar\u00e1 fuerte impulso a la exportaci\u00f3n bajo la marca \u201cHecho en Aguascalientes\u201d. Tere Jim\u00e9nez firm\u00f3 este viernes una alianza [&hellip;]<\/p>\n","protected":false},"author":1,"featured_media":30644,"comment_status":"closed","ping_status":"open","sticky":false,"template":"","format":"standard","meta":{"advanced_seo_description":"","jetpack_seo_html_title":"","jetpack_seo_noindex":false,"_jetpack_memberships_contains_paid_content":false,"footnotes":"","jetpack_publicize_message":"","jetpack_publicize_feature_enabled":true,"jetpack_social_post_already_shared":true,"jetpack_social_options":{"image_generator_settings":{"template":"highway","default_image_id":0,"font":"","enabled":false},"version":2}},"categories":[21,7],"tags":[22,23,43,320],"class_list":["post-30643","post","type-post","status-publish","format-standard","has-post-thumbnail","hentry","category-aguascalientes","category-pan-aguascalientes","tag-aguascalientes","tag-pan-aguascalientes","tag-pan-aguascalientes-cde","tag-tere-jimenez"],"jetpack_publicize_connections":[],"jetpack_featured_media_url":"https:\/\/i0.wp.com\/informativoelvalledeaguascalientes.online\/wp-content\/uploads\/2022\/05\/9cc80448-abf3-4834-a4ea-78ca877b82a5.jpg?fit=1600%2C1066&ssl=1","jetpack-related-posts":[],"jetpack_sharing_enabled":true,"jetpack_likes_enabled":true,"_links":{"self":[{"href":"https:\/\/informativoelvalledeaguascalientes.online\/index.php?rest_route=\/wp\/v2\/posts\/30643","targetHints":{"allow":["GET"]}}],"collection":[{"href":"https:\/\/informativoelvalledeaguascalientes.online\/index.php?rest_route=\/wp\/v2\/posts"}],"about":[{"href":"https:\/\/informativoelvalledeaguascalientes.online\/index.php?rest_route=\/wp\/v2\/types\/post"}],"author":[{"embeddable":true,"href":"https:\/\/informativoelvalledeaguascalientes.online\/index.php?rest_route=\/wp\/v2\/users\/1"}],"replies":[{"embeddable":true,"href":"https:\/\/informativoelvalledeaguascalientes.online\/index.php?rest_route=%2Fwp%2Fv2%2Fcomments&post=30643"}],"version-history":[{"count":1,"href":"https:\/\/informativoelvalledeaguascalientes.online\/index.php?rest_route=\/wp\/v2\/posts\/30643\/revisions"}],"predecessor-version":[{"id":30646,"href":"https:\/\/informativoelvalledeaguascalientes.online\/index.php?rest_route=\/wp\/v2\/posts\/30643\/revisions\/30646"}],"wp:featuredmedia":[{"embeddable":true,"href":"https:\/\/informativoelvalledeaguascalientes.online\/index.php?rest_route=\/wp\/v2\/media\/30644"}],"wp:attachment":[{"href":"https:\/\/informativoelvalledeaguascalientes.online\/index.php?rest_route=%2Fwp%2Fv2%2Fmedia&parent=30643"}],"wp:term":[{"taxonomy":"category","embeddable":true,"href":"https:\/\/informativoelvalledeaguascalientes.online\/index.php?rest_route=%2Fwp%2Fv2%2Fcategories&post=30643"},{"taxonomy":"post_tag","embeddable":true,"href":"https:\/\/informativoelvalledeaguascalientes.online\/index.php?rest_route=%2Fwp%2Fv2%2Ftags&post=30643"}],"curies":[{"name":"wp","href":"https:\/\/api.w.org\/{rel}","templated":true}]}}