{"id":30637,"date":"2022-05-08T17:37:15","date_gmt":"2022-05-08T23:37:15","guid":{"rendered":"https:\/\/informativoelvalledeaguascalientes.online\/?p=30637"},"modified":"2022-05-08T17:37:15","modified_gmt":"2022-05-08T23:37:15","slug":"publica-iea-convocatoria-para-que-maestras-y-maestros-se-desempenen-como-tutores-de-docentes-en-educacion-basica","status":"publish","type":"post","link":"https:\/\/informativoelvalledeaguascalientes.online\/?p=30637","title":{"rendered":"PUBLICA IEA CONVOCATORIA PARA QUE MAESTRAS Y MAESTROS\u00a0 SE DESEMPE\u00d1EN COMO TUTORES DE DOCENTES EN EDUCACI\u00d3N B\u00c1SICA"},"content":{"rendered":"<p style=\"text-align: left;\" align=\"center\"><strong>#informativoelvalledeaguascalientes , #novaradioaguascalientes<br \/>\n<\/strong><\/p>\n<p><span style=\"font-family: arial, sans-serif;\">\u00a0<\/span><\/p>\n<p role=\"presentation\"><span style=\"font-family: arial, sans-serif;\">\u00b7<b><i>La convocatoria se encuentra publicada en la p\u00e1gina de internet<a href=\"http:\/\/www.iea.gob.mx\/\" target=\"_blank\" rel=\"noopener\" data-saferedirecturl=\"https:\/\/www.google.com\/url?q=http:\/\/www.iea.gob.mx&amp;source=gmail&amp;ust=1652138150871000&amp;usg=AOvVaw0-TBpz-NWHulCR4eU7FZ6v\"> www.iea.gob.mx<\/a><\/i><\/b><\/span><\/p>\n<p role=\"presentation\"><span style=\"font-family: arial, sans-serif;\">\u00b7<b><i>Del 23 al 27 de mayo, las y los aspirantes deber\u00e1n generar una cita para su registro a trav\u00e9s de la plataforma electr\u00f3nica<a href=\"http:\/\/usicamm.sep.gob.mx\/\" target=\"_blank\" rel=\"noopener\" data-saferedirecturl=\"https:\/\/www.google.com\/url?q=http:\/\/usicamm.sep.gob.mx&amp;source=gmail&amp;ust=1652138150871000&amp;usg=AOvVaw0h0-55aB1_8q5gH1KYeGLv\"> http:\/\/usicamm.sep.gob.mx<\/a><\/i><\/b><\/span><\/p>\n<p role=\"presentation\"><span style=\"font-family: arial, sans-serif;\">\u00b7<b><i>Las tutor\u00edas tienen por objetivo fortalecer los conocimientos y competencias del personal docente y t\u00e9cnico docente de nuevo ingreso<\/i><\/b><\/span><\/p>\n<p><b><i><span style=\"font-family: arial, sans-serif;\">\u00a0<\/span><\/i><\/b><\/p>\n<p><span style=\"font-family: arial, sans-serif;\">El Instituto de Educaci\u00f3n de Aguascalientes (IEA), invita a maestras y maestros interesados en participar como tutores de otros docentes a trav\u00e9s del <i>Proceso de Reconocimiento a Funciones de Tutor\u00edas en Educaci\u00f3n B\u00e1sica ciclo escolar 2022 2023.<\/i><i><\/i><\/span><\/p>\n<p><span style=\"font-family: arial, sans-serif;\">Las actividades que desempe\u00f1an las y los tutores tienen la finalidad de fortalecer los conocimientos y competencias del personal docente y t\u00e9cnico docente que ingresaron recientemente al sistema educativo, durante sus dos primeros a\u00f1os.<\/span><\/p>\n<p><span style=\"font-family: arial, sans-serif;\">Las y los docentes interesados deber\u00e1n cubrir los requisitos que especifica la convocatoria publicada en la p\u00e1gina de internet <a href=\"http:\/\/www.iea.gob.mx\/\" target=\"_blank\" rel=\"noopener\" data-saferedirecturl=\"https:\/\/www.google.com\/url?q=http:\/\/www.iea.gob.mx&amp;source=gmail&amp;ust=1652138150872000&amp;usg=AOvVaw1RjU0Z9QZlGzJ_l6DoSIYu\">www.iea.gob.mx<\/a>, tales como contar con t\u00edtulo de licenciatura acorde a su funci\u00f3n y servicio educativo, nombramiento definitivo, desempe\u00f1ar la funci\u00f3n docente que corresponde a su categor\u00eda y tener una antig\u00fcedad de tres a\u00f1os ininterrumpidos en la funci\u00f3n que desempe\u00f1a, entre otros.<\/span><\/p>\n<p><span style=\"font-family: arial, sans-serif;\">Del 23 al 27 de mayo, las y los aspirantes deber\u00e1n generar una cita para su registro a trav\u00e9s de la plataforma electr\u00f3nica <a href=\"http:\/\/usicamm.sep.gob.mx\/\" target=\"_blank\" rel=\"noopener\" data-saferedirecturl=\"https:\/\/www.google.com\/url?q=http:\/\/usicamm.sep.gob.mx&amp;source=gmail&amp;ust=1652138150872000&amp;usg=AOvVaw3Jy0eomGz_Ibzq9B8K5_U4\">http:\/\/usicamm.sep.gob.mx<\/a>. El registro permanecer\u00e1 abierto del 23 de mayo al 24 de junio y se llevar\u00e1 a cabo de manera virtual, para ello las y los docentes deber\u00e1n ingresar a <a href=\"http:\/\/reconocimiento.iea.edu.mx\/\" target=\"_blank\" rel=\"noopener\" data-saferedirecturl=\"https:\/\/www.google.com\/url?q=http:\/\/reconocimiento.iea.edu.mx&amp;source=gmail&amp;ust=1652138150872000&amp;usg=AOvVaw28dTCzT4wDL1bnp81pyLtp\">http:\/\/reconocimiento.iea.edu.<wbr \/>mx<\/a>.<\/span><\/p>\n<p><span style=\"font-family: arial, sans-serif;\">Posteriormente, el personal responsable del registro verificar\u00e1 que la maestra o el maestro que desee participar en el proceso cumpla con los requisitos se\u00f1alados en el proceso de reconocimiento para la tutor\u00eda, adem\u00e1s registrar\u00e1 los elementos multifactoriales conforme a lo establecido por la Unidad del Sistema para la Carrera de las Maestras y los Maestros (USICAMM).<\/span><\/p>\n<p><span style=\"font-family: arial, sans-serif;\">Las y los participantes podr\u00e1n consultar los resultados a partir del 18 de agosto de 2022 en<a href=\"http:\/\/reconocimiento.iea.edu.mx\/\" target=\"_blank\" rel=\"noopener\" data-saferedirecturl=\"https:\/\/www.google.com\/url?q=http:\/\/reconocimiento.iea.edu.mx&amp;source=gmail&amp;ust=1652138150872000&amp;usg=AOvVaw28dTCzT4wDL1bnp81pyLtp\"> http:\/\/reconocimiento.iea.edu.<wbr \/>mx<\/a>.<\/span><\/p>\n<p><span style=\"font-family: arial, sans-serif;\">Para m\u00e1s informaci\u00f3n, las maestras y los maestros pueden consultar la convocatoria en el sitio web<a href=\"http:\/\/www.iea.gob.mx\/\" target=\"_blank\" rel=\"noopener\" data-saferedirecturl=\"https:\/\/www.google.com\/url?q=http:\/\/www.iea.gob.mx&amp;source=gmail&amp;ust=1652138150872000&amp;usg=AOvVaw1RjU0Z9QZlGzJ_l6DoSIYu\"> www.iea.gob.mx<\/a>, enviar un correo electr\u00f3nico a la direcci\u00f3n <a href=\"mailto:funcion.tutoria@iea.edu.mx\" target=\"_blank\" rel=\"noopener\">funcion.tutoria@iea.edu.mx<\/a> o comunicarse al tel\u00e9fono 449 910 56 00 extensiones 4179 y 4124, de lunes a viernes de 8:00 a 16:00 horas.<\/span><\/p>\n","protected":false},"excerpt":{"rendered":"<p>#informativoelvalledeaguascalientes , #novaradioaguascalientes \u00a0 \u00b7La convocatoria se encuentra publicada en la p\u00e1gina de internet www.iea.gob.mx \u00b7Del 23 al 27 de mayo, las y los aspirantes deber\u00e1n generar una cita para su registro a trav\u00e9s de la plataforma electr\u00f3nica http:\/\/usicamm.sep.gob.mx \u00b7Las tutor\u00edas tienen por objetivo fortalecer los conocimientos y competencias del personal docente y t\u00e9cnico docente [&hellip;]<\/p>\n","protected":false},"author":1,"featured_media":30638,"comment_status":"closed","ping_status":"open","sticky":false,"template":"","format":"standard","meta":{"advanced_seo_description":"","jetpack_seo_html_title":"","jetpack_seo_noindex":false,"_jetpack_memberships_contains_paid_content":false,"footnotes":"","jetpack_publicize_message":"","jetpack_publicize_feature_enabled":true,"jetpack_social_post_already_shared":true,"jetpack_social_options":{"image_generator_settings":{"template":"highway","default_image_id":0,"font":"","enabled":false},"version":2}},"categories":[21,4],"tags":[22,39],"class_list":["post-30637","post","type-post","status-publish","format-standard","has-post-thumbnail","hentry","category-aguascalientes","category-gobierno-del-estado-aguascalientes","tag-aguascalientes","tag-iea"],"jetpack_publicize_connections":[],"jetpack_featured_media_url":"https:\/\/i0.wp.com\/informativoelvalledeaguascalientes.online\/wp-content\/uploads\/2022\/05\/IMG-3062.jpg?fit=1280%2C603&ssl=1","jetpack-related-posts":[],"jetpack_sharing_enabled":true,"jetpack_likes_enabled":true,"_links":{"self":[{"href":"https:\/\/informativoelvalledeaguascalientes.online\/index.php?rest_route=\/wp\/v2\/posts\/30637","targetHints":{"allow":["GET"]}}],"collection":[{"href":"https:\/\/informativoelvalledeaguascalientes.online\/index.php?rest_route=\/wp\/v2\/posts"}],"about":[{"href":"https:\/\/informativoelvalledeaguascalientes.online\/index.php?rest_route=\/wp\/v2\/types\/post"}],"author":[{"embeddable":true,"href":"https:\/\/informativoelvalledeaguascalientes.online\/index.php?rest_route=\/wp\/v2\/users\/1"}],"replies":[{"embeddable":true,"href":"https:\/\/informativoelvalledeaguascalientes.online\/index.php?rest_route=%2Fwp%2Fv2%2Fcomments&post=30637"}],"version-history":[{"count":1,"href":"https:\/\/informativoelvalledeaguascalientes.online\/index.php?rest_route=\/wp\/v2\/posts\/30637\/revisions"}],"predecessor-version":[{"id":30639,"href":"https:\/\/informativoelvalledeaguascalientes.online\/index.php?rest_route=\/wp\/v2\/posts\/30637\/revisions\/30639"}],"wp:featuredmedia":[{"embeddable":true,"href":"https:\/\/informativoelvalledeaguascalientes.online\/index.php?rest_route=\/wp\/v2\/media\/30638"}],"wp:attachment":[{"href":"https:\/\/informativoelvalledeaguascalientes.online\/index.php?rest_route=%2Fwp%2Fv2%2Fmedia&parent=30637"}],"wp:term":[{"taxonomy":"category","embeddable":true,"href":"https:\/\/informativoelvalledeaguascalientes.online\/index.php?rest_route=%2Fwp%2Fv2%2Fcategories&post=30637"},{"taxonomy":"post_tag","embeddable":true,"href":"https:\/\/informativoelvalledeaguascalientes.online\/index.php?rest_route=%2Fwp%2Fv2%2Ftags&post=30637"}],"curies":[{"name":"wp","href":"https:\/\/api.w.org\/{rel}","templated":true}]}}