{"id":30635,"date":"2022-05-08T17:40:15","date_gmt":"2022-05-08T23:40:15","guid":{"rendered":"https:\/\/informativoelvalledeaguascalientes.online\/?p=30635"},"modified":"2022-05-08T17:40:15","modified_gmt":"2022-05-08T23:40:15","slug":"salvador-de-alba-jr-y-el-sidral-aga-racing-team-se-quedan-con-la-pole-de-nascar-mexico-en-queretaro","status":"publish","type":"post","link":"https:\/\/informativoelvalledeaguascalientes.online\/?p=30635","title":{"rendered":"Salvador de Alba Jr. y el Sidral Aga Racing Team, se quedan con la \u201cPole\u201d de NASCAR M\u00e9xico en Quer\u00e9taro"},"content":{"rendered":"<p style=\"font-weight: 400;\"><strong>#informativoelvalledeaguascalientes , #novaradioaguascalientes<br \/>\n<\/strong><\/p>\n<p style=\"font-weight: 400;\"><strong>\u00a0<\/strong><\/p>\n<p style=\"font-weight: 400;\">\u00a0Lleg\u00f3 la primera calificaci\u00f3n del a\u00f1o para <strong>NASCAR M\u00e9xico Series\u00a0<\/strong>y con ello la primera \u201cPole\u201d para el\u00a0<strong>Sidral Aga Racing Team<\/strong>\u00a0y Salvador de Alba Jr., dominando una intensa jornada sabatina que dio inicio a la segunda fecha de la temporada, teniendo al\u00a0<strong>Aut\u00f3dromo Ecocentro,\u00a0<\/strong>de Quer\u00e9taro como la sede.<\/p>\n<p style=\"font-weight: 400;\">\n<p style=\"font-weight: 400;\">Con un gran ritmo y marcando el mejor tiempo en la primera sesi\u00f3n clasificatoria del 2022, es como el tapat\u00edo, Salvador de Alba Jr., inici\u00f3 su camino en la segunda fecha de\u00a0<strong>NASCAR M\u00e9xico Series<\/strong>, a bordo del auto\u00a0<strong>#48 Sidral aga \/ Red Cola \/ Skarch \/ Valero<\/strong>.<\/p>\n<p style=\"font-weight: 400;\">\n<p style=\"font-weight: 400;\">Marcando un mejor tiempo de 00:29.492, es como Salvador se adjudic\u00f3 el primer sitio de arrancada para el d\u00eda de ma\u00f1ana, cuando se corra la competencia pactada a 140 vueltas o 100 minutos de duraci\u00f3n, arrancando en punto de las 14:10 horas.<\/p>\n<p style=\"font-weight: 400;\">\n<p style=\"font-weight: 400;\">Por su parte, en el #42\u00a0<strong>Arzyz-Fratech-Starkxz,\u00a0<\/strong>Enrique Baca mostr\u00f3 un mayor acoplamiento al auto y al equipo, consiguiendo el 12vo mejor tiempo de la clasificaci\u00f3n en la categor\u00eda estelar,\u00a0<strong>NASCAR M\u00e9xico<\/strong>. Misma que tendr\u00e1 de regreso al p\u00fablico queretano en las tribunas, tras dos a\u00f1os de ausencia debido a la pandemia.<\/p>\n<p style=\"font-weight: 400;\">\n<p style=\"font-weight: 400;\">En la categor\u00eda Challenge, Marco Mar\u00edn quiere conseguir su primer podio del a\u00f1o con el\u00a0<strong>#63 KPetrom \/ Tequila El Financiero \/ Canelo Mobile \/ +Poker,\u00a0<\/strong>demostrando esas ganas con un buen trabajo en las dos pr\u00e1cticas y la calificaci\u00f3n de este s\u00e1bado, obteniendo el 4to sitio de arrancada (De su categor\u00eda), desde donde ver\u00e1 la bandera verde.<\/p>\n<p style=\"font-weight: 400;\">\n<p style=\"font-weight: 400;\">Este 8 de mayo el\u00a0<strong>Sidral Aga Racing Team<\/strong>\u00a0encarar\u00e1 la segunda fecha de\u00a0<strong>NASCAR M\u00e9xico Series<\/strong>\u00a0en el\u00a0<strong>Aut\u00f3dromo Ecocentro<\/strong>, de la capital de Quer\u00e9taro, con \u201cPole Position\u201d en mano.<\/p>\n","protected":false},"excerpt":{"rendered":"<p>#informativoelvalledeaguascalientes , #novaradioaguascalientes \u00a0 \u00a0Lleg\u00f3 la primera calificaci\u00f3n del a\u00f1o para NASCAR M\u00e9xico Series\u00a0y con ello la primera \u201cPole\u201d para el\u00a0Sidral Aga Racing Team\u00a0y Salvador de Alba Jr., dominando una intensa jornada sabatina que dio inicio a la segunda fecha de la temporada, teniendo al\u00a0Aut\u00f3dromo Ecocentro,\u00a0de Quer\u00e9taro como la sede. Con un gran ritmo y [&hellip;]<\/p>\n","protected":false},"author":1,"featured_media":30640,"comment_status":"closed","ping_status":"open","sticky":false,"template":"","format":"standard","meta":{"advanced_seo_description":"","jetpack_seo_html_title":"","jetpack_seo_noindex":false,"_jetpack_memberships_contains_paid_content":false,"footnotes":"","jetpack_publicize_message":"","jetpack_publicize_feature_enabled":true,"jetpack_social_post_already_shared":true,"jetpack_social_options":{"image_generator_settings":{"template":"highway","default_image_id":0,"font":"","enabled":false},"version":2}},"categories":[21,19],"tags":[232,195,471],"class_list":["post-30635","post","type-post","status-publish","format-standard","has-post-thumbnail","hentry","category-aguascalientes","category-informacion-general","tag-informacion-general","tag-nascar-mexico","tag-sidral-aga-racing-team"],"jetpack_publicize_connections":[],"jetpack_featured_media_url":"https:\/\/i0.wp.com\/informativoelvalledeaguascalientes.online\/wp-content\/uploads\/2022\/05\/Salvador-de-Alba-02.jpg?fit=2000%2C1333&ssl=1","jetpack-related-posts":[],"jetpack_sharing_enabled":true,"jetpack_likes_enabled":true,"_links":{"self":[{"href":"https:\/\/informativoelvalledeaguascalientes.online\/index.php?rest_route=\/wp\/v2\/posts\/30635","targetHints":{"allow":["GET"]}}],"collection":[{"href":"https:\/\/informativoelvalledeaguascalientes.online\/index.php?rest_route=\/wp\/v2\/posts"}],"about":[{"href":"https:\/\/informativoelvalledeaguascalientes.online\/index.php?rest_route=\/wp\/v2\/types\/post"}],"author":[{"embeddable":true,"href":"https:\/\/informativoelvalledeaguascalientes.online\/index.php?rest_route=\/wp\/v2\/users\/1"}],"replies":[{"embeddable":true,"href":"https:\/\/informativoelvalledeaguascalientes.online\/index.php?rest_route=%2Fwp%2Fv2%2Fcomments&post=30635"}],"version-history":[{"count":1,"href":"https:\/\/informativoelvalledeaguascalientes.online\/index.php?rest_route=\/wp\/v2\/posts\/30635\/revisions"}],"predecessor-version":[{"id":30641,"href":"https:\/\/informativoelvalledeaguascalientes.online\/index.php?rest_route=\/wp\/v2\/posts\/30635\/revisions\/30641"}],"wp:featuredmedia":[{"embeddable":true,"href":"https:\/\/informativoelvalledeaguascalientes.online\/index.php?rest_route=\/wp\/v2\/media\/30640"}],"wp:attachment":[{"href":"https:\/\/informativoelvalledeaguascalientes.online\/index.php?rest_route=%2Fwp%2Fv2%2Fmedia&parent=30635"}],"wp:term":[{"taxonomy":"category","embeddable":true,"href":"https:\/\/informativoelvalledeaguascalientes.online\/index.php?rest_route=%2Fwp%2Fv2%2Fcategories&post=30635"},{"taxonomy":"post_tag","embeddable":true,"href":"https:\/\/informativoelvalledeaguascalientes.online\/index.php?rest_route=%2Fwp%2Fv2%2Ftags&post=30635"}],"curies":[{"name":"wp","href":"https:\/\/api.w.org\/{rel}","templated":true}]}}