{"id":30628,"date":"2022-05-08T17:29:45","date_gmt":"2022-05-08T23:29:45","guid":{"rendered":"https:\/\/informativoelvalledeaguascalientes.online\/?p=30628"},"modified":"2022-05-08T17:29:45","modified_gmt":"2022-05-08T23:29:45","slug":"marko-cortes-avala-y-respalda-el-rumbo-de-la-campana-de-tere-jimenez-la-proxima-gobernadora-de-aguascalientes","status":"publish","type":"post","link":"https:\/\/informativoelvalledeaguascalientes.online\/?p=30628","title":{"rendered":"MARKO CORT\u00c9S, AVALA Y RESPALDA EL RUMBO DE LA CAMPA\u00d1A DE TERE JIM\u00c9NEZ, LA PR\u00d3XIMA GOBERNADORA DE AGUASCALIENTES"},"content":{"rendered":"<p>&nbsp;<\/p>\n<p><strong> #informativoelvalledeaguascalientes , #novaradioaguascalientes<br \/>\n<\/strong><\/p>\n<ul>\n<li><strong>LUEGO DE EVALUAR LOS RESULTADOS Y AVANCES DE LA CAMPA\u00d1A DE LA COALICI\u00d3N \u201cVA POR AGUASCALIENTES\u201d, EL PRESIDENTE NACIONAL DEL PAN, ASEGURA EL CONTUNDENTE TRIUNFO DE TERE JIM\u00c9NEZ<\/strong><\/li>\n<li><strong>RECONOCE EL TRABAJO DE LOS LEGISLADORES QUE EVITARON DAR PASO A LA \u201cLEY BARTLETT\u201d<\/strong><\/li>\n<li><strong>EXIGE A CLAUDIA SHEINBAUM SACAR LAS MANOS DEL PROCESO ELECTORAL EN AGUASCALIENTES, MANIFESTANDO QUE YA SE ENCUENTRAN EN AGUASCALIENTES OPERADORES PAGADOS POR EL GOBIERNO DE LA CDMX QUE TRATAR\u00c1N DE ENTURBIAR LA CAMPA\u00d1A Y ELECCIONES EN LA ENTIDAD<\/strong><\/li>\n<\/ul>\n<p><strong>\u00a0<\/strong><\/p>\n<p>Esta tarde ante los representantes de los medios de comunicaci\u00f3n, el presidente del Comit\u00e9 Ejecutivo Nacional del PAN, Marko Cort\u00e9s, en compa\u00f1\u00eda del dirigente estatal Javier Lu\u00e9vano N\u00fa\u00f1ez, emiti\u00f3 contundentes mensajes en torno al ambiente pol\u00edtico que actual y en particular sobre la contienda rumbo a la gubernatura en Aguascalientes.<\/p>\n<p>Primeramente felicit\u00f3 a los legisladores federales panistas presentes, Moni Becerra, Paulo Mart\u00ednez y Katia Bolio, por el gran trabajo legislativo realizado en torno a la denominada \u201cLey Bartlett\u201d, evitando el retroceso en el tema de las energ\u00edas, llam\u00e1ndoles patriotas al no permitir que se pisoteara y lastimara a la Constituci\u00f3n, al tiempo que ret\u00f3 al titular del Ejecutivo, para aceptar la contrapropuesta para hacer uso de energ\u00edas limpias y de bajo costo para los m\u00e1s necesitados, haciendo uso de los 70 mil millones que se usan para subsidios.<\/p>\n<p>En el tema electoral y luego de evaluar los resultados a la fecha de la campa\u00f1a de la candidata de la Alianza Va por Aguascalientes, Tere Jim\u00e9nez, se\u00f1al\u00f3 que \u201ctenemos a la mejor candidata, acreditada, que sabe gobernar y hacer bien las cosas, que ha encabezado todas las encuestas y que ha llevado una campa\u00f1a de propuestas sin caer en provocaciones\u201d, por lo que no hay duda que Aguascalientes, tendr\u00e1 en ella a la primer gobernadora del estado.<\/p>\n<p>Fue contundente al se\u00f1alar que tiene conocimiento de que en la entidad ya se encuentra un ej\u00e9rcito de veh\u00edculos y operadores, pagando esta movilizaci\u00f3n con presupuesto del gobierno de la Ciudad de M\u00e9xico, cuyo \u00fanico prop\u00f3sito es enturbiar la contienda, por lo que exigi\u00f3 a Claudia Sheinbaum, sacar las manos del proceso electoral en Aguascalientes, que claramente no favorece ni favorecer\u00e1 a la candidata de Morena.<\/p>\n<p>Asimismo,\u00a0 fue firme al solicitar que se ponga a trabajar en el tema de la L\u00ednea 12 del Metro, que cobr\u00f3 la vida de 26 personas, adem\u00e1s de perjudicar a m\u00e1s de 6 millones de personas que hac\u00edan uso de este transporte en la Ciudad de M\u00e9xico, y cuyo peritaje de la empresa contratada por su gobierno, arroj\u00f3 resultados que no le fueron favorables.<\/p>\n<p>El titular del CEN, manifest\u00f3 que pese a las denostaciones, a las campa\u00f1as negras, a las movilizaciones en contra de la candidata ganadora Tere Jim\u00e9nez, con el inminente triunfo, Aguascalientes seguir\u00e1 siendo el Coraz\u00f3n Azul de M\u00e9xico.<\/p>\n<p>Finalmente por la tarde, se integr\u00f3 a los trabajos de campa\u00f1a, visitando junto con la candidata el municipio de Tepezal\u00e1, respaldando las propuestas y escuchando las inquietudes de las y los habitantes de las comunidades de dicho municipio.<\/p>\n<p><img data-recalc-dims=\"1\" loading=\"lazy\" decoding=\"async\" class=\"alignnone wp-image-30631 size-large\" src=\"https:\/\/i0.wp.com\/informativoelvalledeaguascalientes.online\/wp-content\/uploads\/2022\/05\/21941894-f98d-4c51-9a33-1a641a77efcd-1024x768.jpg?resize=640%2C480\" alt=\"\" width=\"640\" height=\"480\" srcset=\"https:\/\/i0.wp.com\/informativoelvalledeaguascalientes.online\/wp-content\/uploads\/2022\/05\/21941894-f98d-4c51-9a33-1a641a77efcd.jpg?resize=1024%2C768&amp;ssl=1 1024w, https:\/\/i0.wp.com\/informativoelvalledeaguascalientes.online\/wp-content\/uploads\/2022\/05\/21941894-f98d-4c51-9a33-1a641a77efcd.jpg?resize=300%2C225&amp;ssl=1 300w, https:\/\/i0.wp.com\/informativoelvalledeaguascalientes.online\/wp-content\/uploads\/2022\/05\/21941894-f98d-4c51-9a33-1a641a77efcd.jpg?resize=768%2C576&amp;ssl=1 768w, https:\/\/i0.wp.com\/informativoelvalledeaguascalientes.online\/wp-content\/uploads\/2022\/05\/21941894-f98d-4c51-9a33-1a641a77efcd.jpg?resize=1536%2C1152&amp;ssl=1 1536w, https:\/\/i0.wp.com\/informativoelvalledeaguascalientes.online\/wp-content\/uploads\/2022\/05\/21941894-f98d-4c51-9a33-1a641a77efcd.jpg?w=1600&amp;ssl=1 1600w, https:\/\/i0.wp.com\/informativoelvalledeaguascalientes.online\/wp-content\/uploads\/2022\/05\/21941894-f98d-4c51-9a33-1a641a77efcd.jpg?w=1280&amp;ssl=1 1280w\" sizes=\"auto, (max-width: 640px) 100vw, 640px\" \/><\/p>\n","protected":false},"excerpt":{"rendered":"<p>&nbsp; #informativoelvalledeaguascalientes , #novaradioaguascalientes LUEGO DE EVALUAR LOS RESULTADOS Y AVANCES DE LA CAMPA\u00d1A DE LA COALICI\u00d3N \u201cVA POR AGUASCALIENTES\u201d, EL PRESIDENTE NACIONAL DEL PAN, ASEGURA EL CONTUNDENTE TRIUNFO DE TERE JIM\u00c9NEZ RECONOCE EL TRABAJO DE LOS LEGISLADORES QUE EVITARON DAR PASO A LA \u201cLEY BARTLETT\u201d EXIGE A CLAUDIA SHEINBAUM SACAR LAS MANOS DEL PROCESO [&hellip;]<\/p>\n","protected":false},"author":1,"featured_media":30630,"comment_status":"closed","ping_status":"open","sticky":false,"template":"","format":"standard","meta":{"advanced_seo_description":"","jetpack_seo_html_title":"","jetpack_seo_noindex":false,"_jetpack_memberships_contains_paid_content":false,"footnotes":"","jetpack_publicize_message":"","jetpack_publicize_feature_enabled":true,"jetpack_social_post_already_shared":true,"jetpack_social_options":{"image_generator_settings":{"template":"highway","default_image_id":0,"font":"","enabled":false},"version":2}},"categories":[21,7],"tags":[22,23],"class_list":["post-30628","post","type-post","status-publish","format-standard","has-post-thumbnail","hentry","category-aguascalientes","category-pan-aguascalientes","tag-aguascalientes","tag-pan-aguascalientes"],"jetpack_publicize_connections":[],"jetpack_featured_media_url":"https:\/\/i0.wp.com\/informativoelvalledeaguascalientes.online\/wp-content\/uploads\/2022\/05\/WhatsApp-Image-2022-05-05-at-5.43.12-PM.jpeg?fit=1280%2C853&ssl=1","jetpack-related-posts":[],"jetpack_sharing_enabled":true,"jetpack_likes_enabled":true,"_links":{"self":[{"href":"https:\/\/informativoelvalledeaguascalientes.online\/index.php?rest_route=\/wp\/v2\/posts\/30628","targetHints":{"allow":["GET"]}}],"collection":[{"href":"https:\/\/informativoelvalledeaguascalientes.online\/index.php?rest_route=\/wp\/v2\/posts"}],"about":[{"href":"https:\/\/informativoelvalledeaguascalientes.online\/index.php?rest_route=\/wp\/v2\/types\/post"}],"author":[{"embeddable":true,"href":"https:\/\/informativoelvalledeaguascalientes.online\/index.php?rest_route=\/wp\/v2\/users\/1"}],"replies":[{"embeddable":true,"href":"https:\/\/informativoelvalledeaguascalientes.online\/index.php?rest_route=%2Fwp%2Fv2%2Fcomments&post=30628"}],"version-history":[{"count":1,"href":"https:\/\/informativoelvalledeaguascalientes.online\/index.php?rest_route=\/wp\/v2\/posts\/30628\/revisions"}],"predecessor-version":[{"id":30632,"href":"https:\/\/informativoelvalledeaguascalientes.online\/index.php?rest_route=\/wp\/v2\/posts\/30628\/revisions\/30632"}],"wp:featuredmedia":[{"embeddable":true,"href":"https:\/\/informativoelvalledeaguascalientes.online\/index.php?rest_route=\/wp\/v2\/media\/30630"}],"wp:attachment":[{"href":"https:\/\/informativoelvalledeaguascalientes.online\/index.php?rest_route=%2Fwp%2Fv2%2Fmedia&parent=30628"}],"wp:term":[{"taxonomy":"category","embeddable":true,"href":"https:\/\/informativoelvalledeaguascalientes.online\/index.php?rest_route=%2Fwp%2Fv2%2Fcategories&post=30628"},{"taxonomy":"post_tag","embeddable":true,"href":"https:\/\/informativoelvalledeaguascalientes.online\/index.php?rest_route=%2Fwp%2Fv2%2Ftags&post=30628"}],"curies":[{"name":"wp","href":"https:\/\/api.w.org\/{rel}","templated":true}]}}