{"id":30624,"date":"2022-05-08T17:25:58","date_gmt":"2022-05-08T23:25:58","guid":{"rendered":"https:\/\/informativoelvalledeaguascalientes.online\/?p=30624"},"modified":"2022-05-08T17:25:58","modified_gmt":"2022-05-08T23:25:58","slug":"aprueba-comision-de-servidores-publicos-dictamen-para-aumentar-cinco-por-ciento-la-plantilla-laboral-de-personas-con-discapacidad-en-dependencias-de-gobierno","status":"publish","type":"post","link":"https:\/\/informativoelvalledeaguascalientes.online\/?p=30624","title":{"rendered":"APRUEBA COMISI\u00d3N DE SERVIDORES P\u00daBLICOS DICTAMEN PARA AUMENTAR CINCO POR CIENTO LA PLANTILLA LABORAL DE PERSONAS CON DISCAPACIDAD EN DEPENDENCIAS DE GOBIERNO"},"content":{"rendered":"<p><strong>#informativoelvalledeaguascalientes , #novaradioaguascalientes<br \/>\n<\/strong><\/p>\n<p><strong>\u00a0<\/strong><\/p>\n<p>Este viernes, la diputada Karola Mac\u00edas encabez\u00f3 los trabajos de la comisi\u00f3n de Servidores P\u00fablicos, de la LXV Legislatura del Congreso de Aguascalientes, aprob\u00e1ndose la iniciativa por la que se reforma el art\u00edculo 56 de la Ley de Integraci\u00f3n Social y Productiva de Personas con Discapacidad para el Estado de Aguascalientes; que tiene como objetivo elevar del tres al cinco por ciento la contrataci\u00f3n de personas con discapacidad en dependencias de gobierno.<\/p>\n<p>&nbsp;<\/p>\n<p>Las y los congresistas integrantes de la comisi\u00f3n, Juan Ugarte, Juanjo Hern\u00e1ndez, Yoli Rodr\u00edguez y Ra\u00fal Silva Perezchica, aprobaron por unanimidad el proyecto de dictamen, que consiste en generar una reciprocidad cuantitativa, en favor de las personas con discapacidad, para establecer en la Ley expresamente que las plantillas laborales de los Gobiernos Estatal y Municipales, sus entidades paraestatales, as\u00ed como los Poderes Legislativo y Judicial, y los \u00d3rganos Constitucionales Aut\u00f3nomos tengan la obligaci\u00f3n legal de contratar y capacitar como m\u00ednimo el 5% de su plantilla laboral a personas con alguna discapacidad.<\/p>\n<p>&nbsp;<\/p>\n<p>Se detalla que las personas a ocupar estos cargos, deber\u00e1n presentar el certificado m\u00e9dico de discapacidad correspondiente, supedit\u00e1ndose a esta cuota laboral todos los reglamentos secundarios y municipales; los gobiernos mencionados har\u00e1n las modificaciones pertinentes a sus pol\u00edticas internas y contar con infraestructura adecuada para crear espacios laborales inclusivos.<\/p>\n<p>&nbsp;<\/p>\n<p>La iniciativa fue presentada por las y los congresistas Juanis Mart\u00ednez, Alma Hilda Medina, Laura Ponce, Mar\u00eda De Jes\u00fas D\u00edaz Marmolejo, Jetsi S\u00e1nchez, Mayra Torres, Nancy Guti\u00e9rrez, Vero Romo, Temo Escobedo, Emanuelle S\u00e1nchez N\u00e1jera, Ad\u00e1n Valdivia, Quique Galo, Jaime Gonz\u00e1lez De Le\u00f3n, Ra\u00fal Silva Perezchica, Max Ram\u00edrez, Juan Pablo Diosdado y Juanjo Hern\u00e1ndez.<\/p>\n<p>&nbsp;<\/p>\n<p>Finalmente, el proyecto de dictamen fue turnado a la Junta de Coordinaci\u00f3n Pol\u00edtica (JUCOPO), para su tr\u00e1mite correspondiente.<\/p>\n","protected":false},"excerpt":{"rendered":"<p>#informativoelvalledeaguascalientes , #novaradioaguascalientes \u00a0 Este viernes, la diputada Karola Mac\u00edas encabez\u00f3 los trabajos de la comisi\u00f3n de Servidores P\u00fablicos, de la LXV Legislatura del Congreso de Aguascalientes, aprob\u00e1ndose la iniciativa por la que se reforma el art\u00edculo 56 de la Ley de Integraci\u00f3n Social y Productiva de Personas con Discapacidad para el Estado de Aguascalientes; [&hellip;]<\/p>\n","protected":false},"author":1,"featured_media":30627,"comment_status":"closed","ping_status":"open","sticky":false,"template":"","format":"standard","meta":{"advanced_seo_description":"","jetpack_seo_html_title":"","jetpack_seo_noindex":false,"_jetpack_memberships_contains_paid_content":false,"footnotes":"","jetpack_publicize_message":"","jetpack_publicize_feature_enabled":true,"jetpack_social_post_already_shared":true,"jetpack_social_options":{"image_generator_settings":{"template":"highway","default_image_id":0,"font":"","enabled":false},"version":2}},"categories":[21,5],"tags":[22,520],"class_list":["post-30624","post","type-post","status-publish","format-standard","has-post-thumbnail","hentry","category-aguascalientes","category-h-congreso-del-estado-aguascalientes","tag-aguascalientes","tag-lxv-legislatura-aguascalientes"],"jetpack_publicize_connections":[],"jetpack_featured_media_url":"https:\/\/i0.wp.com\/informativoelvalledeaguascalientes.online\/wp-content\/uploads\/2022\/05\/DSC_7561.jpg?fit=884%2C568&ssl=1","jetpack-related-posts":[],"jetpack_sharing_enabled":true,"jetpack_likes_enabled":true,"_links":{"self":[{"href":"https:\/\/informativoelvalledeaguascalientes.online\/index.php?rest_route=\/wp\/v2\/posts\/30624","targetHints":{"allow":["GET"]}}],"collection":[{"href":"https:\/\/informativoelvalledeaguascalientes.online\/index.php?rest_route=\/wp\/v2\/posts"}],"about":[{"href":"https:\/\/informativoelvalledeaguascalientes.online\/index.php?rest_route=\/wp\/v2\/types\/post"}],"author":[{"embeddable":true,"href":"https:\/\/informativoelvalledeaguascalientes.online\/index.php?rest_route=\/wp\/v2\/users\/1"}],"replies":[{"embeddable":true,"href":"https:\/\/informativoelvalledeaguascalientes.online\/index.php?rest_route=%2Fwp%2Fv2%2Fcomments&post=30624"}],"version-history":[{"count":1,"href":"https:\/\/informativoelvalledeaguascalientes.online\/index.php?rest_route=\/wp\/v2\/posts\/30624\/revisions"}],"predecessor-version":[{"id":30629,"href":"https:\/\/informativoelvalledeaguascalientes.online\/index.php?rest_route=\/wp\/v2\/posts\/30624\/revisions\/30629"}],"wp:featuredmedia":[{"embeddable":true,"href":"https:\/\/informativoelvalledeaguascalientes.online\/index.php?rest_route=\/wp\/v2\/media\/30627"}],"wp:attachment":[{"href":"https:\/\/informativoelvalledeaguascalientes.online\/index.php?rest_route=%2Fwp%2Fv2%2Fmedia&parent=30624"}],"wp:term":[{"taxonomy":"category","embeddable":true,"href":"https:\/\/informativoelvalledeaguascalientes.online\/index.php?rest_route=%2Fwp%2Fv2%2Fcategories&post=30624"},{"taxonomy":"post_tag","embeddable":true,"href":"https:\/\/informativoelvalledeaguascalientes.online\/index.php?rest_route=%2Fwp%2Fv2%2Ftags&post=30624"}],"curies":[{"name":"wp","href":"https:\/\/api.w.org\/{rel}","templated":true}]}}