{"id":30597,"date":"2022-05-06T22:24:42","date_gmt":"2022-05-07T04:24:42","guid":{"rendered":"https:\/\/informativoelvalledeaguascalientes.online\/?p=30597"},"modified":"2022-05-06T22:24:42","modified_gmt":"2022-05-07T04:24:42","slug":"el-gobierno-de-calvillo-realizo-frente-al-palacio-municipal-el-acto-civico-para-conmemorar-el-5-de-mayo-dia-de-la-batalla-de-puebla","status":"publish","type":"post","link":"https:\/\/informativoelvalledeaguascalientes.online\/?p=30597","title":{"rendered":"El Gobierno de Calvillo realiz\u00f3 frente al palacio municipal el Acto C\u00edvico para conmemorar el 5 de Mayo D\u00eda de la Batalla de Puebla."},"content":{"rendered":"<p><strong>#informativoelvalledeaguascalientes , #novaradioaguascalientes<br \/>\n<\/strong><br \/>\nSe realizaron los respectivos honores a nuestra bandera y se enton\u00f3 el Himno Nacional Mexicano.<br \/>\nEn esta fecha recordamos la defensa y victoria del ej\u00e9rcito mexicano bajo el mando de Ignacio Zaragoza ante la intervenci\u00f3n francesa en el a\u00f1o de 1862 en las cercan\u00edas de la ciudad de Puebla.<br \/>\nAgradecemos a la Escuela Secundaria T\u00e9cnica #17 de Ojo de Agua por el apoyo para la realizaci\u00f3n de este acto c\u00edvico.<br \/>\n#GobiernoDeCalvillo<\/p>\n","protected":false},"excerpt":{"rendered":"<p>#informativoelvalledeaguascalientes , #novaradioaguascalientes Se realizaron los respectivos honores a nuestra bandera y se enton\u00f3 el Himno Nacional Mexicano. En esta fecha recordamos la defensa y victoria del ej\u00e9rcito mexicano bajo el mando de Ignacio Zaragoza ante la intervenci\u00f3n francesa en el a\u00f1o de 1862 en las cercan\u00edas de la ciudad de Puebla. Agradecemos a la [&hellip;]<\/p>\n","protected":false},"author":1,"featured_media":30598,"comment_status":"closed","ping_status":"open","sticky":false,"template":"","format":"standard","meta":{"advanced_seo_description":"","jetpack_seo_html_title":"","jetpack_seo_noindex":false,"_jetpack_memberships_contains_paid_content":false,"footnotes":"","jetpack_publicize_message":"","jetpack_publicize_feature_enabled":true,"jetpack_social_post_already_shared":true,"jetpack_social_options":{"image_generator_settings":{"template":"highway","default_image_id":0,"font":"","enabled":false},"version":2}},"categories":[21,13],"tags":[22,88,29],"class_list":["post-30597","post","type-post","status-publish","format-standard","has-post-thumbnail","hentry","category-aguascalientes","category-calvillo-aguascalientes","tag-aguascalientes","tag-calvillo","tag-calvillo-aguascalientes"],"jetpack_publicize_connections":[],"jetpack_featured_media_url":"https:\/\/i0.wp.com\/informativoelvalledeaguascalientes.online\/wp-content\/uploads\/2022\/05\/332016d4-bc5e-4e97-a6ba-0c6f76a583c9.jpg?fit=1280%2C853&ssl=1","jetpack-related-posts":[],"jetpack_sharing_enabled":true,"jetpack_likes_enabled":true,"_links":{"self":[{"href":"https:\/\/informativoelvalledeaguascalientes.online\/index.php?rest_route=\/wp\/v2\/posts\/30597","targetHints":{"allow":["GET"]}}],"collection":[{"href":"https:\/\/informativoelvalledeaguascalientes.online\/index.php?rest_route=\/wp\/v2\/posts"}],"about":[{"href":"https:\/\/informativoelvalledeaguascalientes.online\/index.php?rest_route=\/wp\/v2\/types\/post"}],"author":[{"embeddable":true,"href":"https:\/\/informativoelvalledeaguascalientes.online\/index.php?rest_route=\/wp\/v2\/users\/1"}],"replies":[{"embeddable":true,"href":"https:\/\/informativoelvalledeaguascalientes.online\/index.php?rest_route=%2Fwp%2Fv2%2Fcomments&post=30597"}],"version-history":[{"count":1,"href":"https:\/\/informativoelvalledeaguascalientes.online\/index.php?rest_route=\/wp\/v2\/posts\/30597\/revisions"}],"predecessor-version":[{"id":30599,"href":"https:\/\/informativoelvalledeaguascalientes.online\/index.php?rest_route=\/wp\/v2\/posts\/30597\/revisions\/30599"}],"wp:featuredmedia":[{"embeddable":true,"href":"https:\/\/informativoelvalledeaguascalientes.online\/index.php?rest_route=\/wp\/v2\/media\/30598"}],"wp:attachment":[{"href":"https:\/\/informativoelvalledeaguascalientes.online\/index.php?rest_route=%2Fwp%2Fv2%2Fmedia&parent=30597"}],"wp:term":[{"taxonomy":"category","embeddable":true,"href":"https:\/\/informativoelvalledeaguascalientes.online\/index.php?rest_route=%2Fwp%2Fv2%2Fcategories&post=30597"},{"taxonomy":"post_tag","embeddable":true,"href":"https:\/\/informativoelvalledeaguascalientes.online\/index.php?rest_route=%2Fwp%2Fv2%2Ftags&post=30597"}],"curies":[{"name":"wp","href":"https:\/\/api.w.org\/{rel}","templated":true}]}}