{"id":30591,"date":"2022-05-06T22:21:18","date_gmt":"2022-05-07T04:21:18","guid":{"rendered":"https:\/\/informativoelvalledeaguascalientes.online\/?p=30591"},"modified":"2022-05-06T22:21:18","modified_gmt":"2022-05-07T04:21:18","slug":"trabajare-de-la-mano-con-las-comunidades-de-aguascalientes-tere-jimenez","status":"publish","type":"post","link":"https:\/\/informativoelvalledeaguascalientes.online\/?p=30591","title":{"rendered":"TRABAJAR\u00c9 DE LA MANO CON LAS COMUNIDADES DE AGUASCALIENTES: TERE JIM\u00c9NEZ"},"content":{"rendered":"<p><strong> #informativoelvalledeaguascalientes , #novaradioaguascalientes<\/strong><\/p>\n<p>Tere Jim\u00e9nez visit\u00f3 la comunidad de Carboneras, Tepezal\u00e1. Acompa\u00f1ada de Marko Cort\u00e9s, Presidente Nacional del PAN y otros personajes importantes de la vida pol\u00edtica del Estado, la aspirante a la gubernatura acudi\u00f3 a escuchar las problem\u00e1ticas del lugar.<\/p>\n<p>Se dijo alegre de convivir con las personas de las comunidades y afianzar la confianza con todos ellos para trabajar de la mano en beneficio de cada rinc\u00f3n del Estado. Se comprometi\u00f3 a regresar a estos lugares para conocer de primera mano los cambios que su gesti\u00f3n genere en cada comunidad y en beneficio de los aguascalentenses.<\/p>\n","protected":false},"excerpt":{"rendered":"<p>#informativoelvalledeaguascalientes , #novaradioaguascalientes Tere Jim\u00e9nez visit\u00f3 la comunidad de Carboneras, Tepezal\u00e1. Acompa\u00f1ada de Marko Cort\u00e9s, Presidente Nacional del PAN y otros personajes importantes de la vida pol\u00edtica del Estado, la aspirante a la gubernatura acudi\u00f3 a escuchar las problem\u00e1ticas del lugar. Se dijo alegre de convivir con las personas de las comunidades y afianzar la [&hellip;]<\/p>\n","protected":false},"author":1,"featured_media":30595,"comment_status":"closed","ping_status":"open","sticky":false,"template":"","format":"standard","meta":{"advanced_seo_description":"","jetpack_seo_html_title":"","jetpack_seo_noindex":false,"_jetpack_memberships_contains_paid_content":false,"footnotes":"","jetpack_publicize_message":"","jetpack_publicize_feature_enabled":true,"jetpack_social_post_already_shared":true,"jetpack_social_options":{"image_generator_settings":{"template":"highway","default_image_id":0,"font":"","enabled":false},"version":2}},"categories":[21,7],"tags":[22,23,43,320],"class_list":["post-30591","post","type-post","status-publish","format-standard","has-post-thumbnail","hentry","category-aguascalientes","category-pan-aguascalientes","tag-aguascalientes","tag-pan-aguascalientes","tag-pan-aguascalientes-cde","tag-tere-jimenez"],"jetpack_publicize_connections":[],"jetpack_featured_media_url":"https:\/\/i0.wp.com\/informativoelvalledeaguascalientes.online\/wp-content\/uploads\/2022\/05\/2cdb0d9e-8a97-4e88-975c-582987350fca.jpg?fit=1600%2C1066&ssl=1","jetpack-related-posts":[],"jetpack_sharing_enabled":true,"jetpack_likes_enabled":true,"_links":{"self":[{"href":"https:\/\/informativoelvalledeaguascalientes.online\/index.php?rest_route=\/wp\/v2\/posts\/30591","targetHints":{"allow":["GET"]}}],"collection":[{"href":"https:\/\/informativoelvalledeaguascalientes.online\/index.php?rest_route=\/wp\/v2\/posts"}],"about":[{"href":"https:\/\/informativoelvalledeaguascalientes.online\/index.php?rest_route=\/wp\/v2\/types\/post"}],"author":[{"embeddable":true,"href":"https:\/\/informativoelvalledeaguascalientes.online\/index.php?rest_route=\/wp\/v2\/users\/1"}],"replies":[{"embeddable":true,"href":"https:\/\/informativoelvalledeaguascalientes.online\/index.php?rest_route=%2Fwp%2Fv2%2Fcomments&post=30591"}],"version-history":[{"count":1,"href":"https:\/\/informativoelvalledeaguascalientes.online\/index.php?rest_route=\/wp\/v2\/posts\/30591\/revisions"}],"predecessor-version":[{"id":30596,"href":"https:\/\/informativoelvalledeaguascalientes.online\/index.php?rest_route=\/wp\/v2\/posts\/30591\/revisions\/30596"}],"wp:featuredmedia":[{"embeddable":true,"href":"https:\/\/informativoelvalledeaguascalientes.online\/index.php?rest_route=\/wp\/v2\/media\/30595"}],"wp:attachment":[{"href":"https:\/\/informativoelvalledeaguascalientes.online\/index.php?rest_route=%2Fwp%2Fv2%2Fmedia&parent=30591"}],"wp:term":[{"taxonomy":"category","embeddable":true,"href":"https:\/\/informativoelvalledeaguascalientes.online\/index.php?rest_route=%2Fwp%2Fv2%2Fcategories&post=30591"},{"taxonomy":"post_tag","embeddable":true,"href":"https:\/\/informativoelvalledeaguascalientes.online\/index.php?rest_route=%2Fwp%2Fv2%2Ftags&post=30591"}],"curies":[{"name":"wp","href":"https:\/\/api.w.org\/{rel}","templated":true}]}}