{"id":3058,"date":"2020-02-17T22:00:57","date_gmt":"2020-02-18T04:00:57","guid":{"rendered":"https:\/\/informativoelvalledeaguascalientes.online\/?p=3058"},"modified":"2020-02-17T22:02:30","modified_gmt":"2020-02-18T04:02:30","slug":"emerson-fittipaldi-estara-en-el-mayan-racing-festival-con-la-super-copa-y-f4","status":"publish","type":"post","link":"https:\/\/informativoelvalledeaguascalientes.online\/?p=3058","title":{"rendered":"EMERSON FITTIPALDI ESTARA EN EL MAYAN RACING FESTIVAL CON LA SUPER COPA\u00a0Y F4\u00a0"},"content":{"rendered":"<div>\n<p><span lang=\"ES-MX\">Michel <\/span><span lang=\"ES-MX\">Jourdain<\/span><span lang=\"ES-MX\">\u00a0anuncio que Emerson Fittipaldi, estar\u00e1 presente en el Mayan Racing festival, evento que organizan conjuntamente la S\u00faper Copa y la NACAM F4<\/span><span lang=\"ES-MX\">,\u00a0<\/span><span lang=\"ES-MX\">que se<\/span><span lang=\"ES-MX\">disputar\u00e1<\/span><span lang=\"ES-MX\">\u00a0el 29 de febrero y 1 de marzo en el aut\u00f3dromo de M\u00e9rida que lleva precisamente el nombre de esta gloria del automovilismo deportivo de Brasil.<\/span><\/p>\n<\/div>\n<div>\n<p><span lang=\"ES-MX\">Emmo<\/span><span lang=\"ES-MX\">\u00a0como le dicen los brasile\u00f1os<\/span><span lang=\"ES-MX\">, fue piloto de F\u00f3rmula 1 en la d\u00e9cada de 1970, donde logr\u00f3 14 victorias, 35 podios, dos campeonatos en 1972 y 1974, y dos subcampeonatos en 1973 y 1975.2\u00a0<\/span><\/p>\n<\/div>\n<div>\n<p><span lang=\"ES-MX\">En las d\u00e9cadas de 1980 y 1990, Fittipaldi disput\u00f3 la serie CART, donde cosech\u00f3 22 victorias, 65 podios, el t\u00edtulo de 1989 y los subcampeonatos de 1993 y 1994. Dentro de sus triunfos se destacan dos en las 500 Millas de Indian\u00e1polis de 1989 y 1993, a lo que se suma un segundo puesto en 1988 y un tercero en 1990.<\/span><\/p>\n<\/div>\n<div>\n<p><span lang=\"ES-MX\">\u201cQue mejor que iniciar la temporada de S\u00faper Copa con la presencia de una figura de nivel mundial como lo es Emerson, su presencia viene a darle un condimento m\u00e1s a este evento que contar\u00e1 con la Copa Mercedes-Benz, Tractocamiones Freightliner,\u00a0<\/span><span lang=\"ES-MX\">Mexbike<\/span><span lang=\"ES-MX\">\u00a0y la NACAM F4, por lo que el \u00e9xito del mismo est\u00e1 asegurado\u201d, dijo<\/span><span lang=\"ES-MX\">Jourdain<\/span><span lang=\"ES-MX\">.<\/span><\/p>\n<\/div>\n<div>\n<p><span lang=\"ES-MX\">Por otra\u00a0<\/span><span lang=\"ES-MX\">parte<\/span><span lang=\"ES-MX\">\u00a0<\/span><span lang=\"ES-MX\">Jourdain<\/span><span lang=\"ES-MX\">\u00a0dijo que<\/span><span lang=\"ES-MX\">\u00a0quier<\/span><span lang=\"ES-MX\">e<\/span><span lang=\"ES-MX\">\u00a0felicitar a los propietarios del aut\u00f3dromo de M\u00e9rida<\/span><span lang=\"ES-MX\">, por el hecho de haber bautizado al mismo con el nombre de Emerson Fittipaldi, lo cual es una gran reconocimiento a su gran trayectoria dentro del automovilismo deportivo mundial.<\/span><\/p>\n<\/div>\n<div>\n<p><span lang=\"ES-MX\">Sin lugar a dudas e<\/span><span lang=\"ES-MX\">l apellido Fittipaldi tiene un eco de leyenda en el mundo de automovilismo.\u00a0<\/span><span lang=\"ES-MX\">Emerson con<\/span><span lang=\"ES-MX\">\u00a0su caracter\u00edstica melena y las patillas que\u00a0<\/span><span lang=\"ES-MX\">parecen convertirse<\/span><span lang=\"ES-MX\">\u00a0en barba<\/span><span lang=\"ES-MX\">\u00a0y<\/span><span lang=\"ES-MX\">\u00a0enmarcan su rostro<\/span><span lang=\"ES-MX\">, sin lugar a dudas ser\u00e1 otro de los grandes atractivos del Mayan Racing Festival, que realizar\u00e1n conjuntamente la S\u00faper Copa y la F4.<\/span><\/p>\n<\/div>\n<div>\n<p lang=\"ES-ES\"><span lang=\"ES-MX\">\u201cLo conoc\u00ed hace algunos a\u00f1os cuando mi hijo compet\u00eda en la CART y no solamente es un excelente piloto sino tambi\u00e9n una gran persona\u201d, coment\u00f3\u00a0<\/span><span lang=\"ES-MX\">Jourdain.<\/span><\/p>\n<\/div>\n","protected":false},"excerpt":{"rendered":"<p>Michel Jourdain\u00a0anuncio que Emerson Fittipaldi, estar\u00e1 presente en el Mayan Racing festival, evento que organizan conjuntamente la S\u00faper Copa y la NACAM F4,\u00a0que sedisputar\u00e1\u00a0el 29 de febrero y 1 de marzo en el aut\u00f3dromo de M\u00e9rida que lleva precisamente el nombre de esta gloria del automovilismo deportivo de Brasil. Emmo\u00a0como le dicen los brasile\u00f1os, fue [&hellip;]<\/p>\n","protected":false},"author":1,"featured_media":3059,"comment_status":"closed","ping_status":"open","sticky":false,"template":"","format":"standard","meta":{"advanced_seo_description":"","jetpack_seo_html_title":"","jetpack_seo_noindex":false,"_jetpack_memberships_contains_paid_content":false,"footnotes":"","jetpack_publicize_message":"","jetpack_publicize_feature_enabled":true,"jetpack_social_post_already_shared":true,"jetpack_social_options":{"image_generator_settings":{"template":"highway","default_image_id":0,"font":"","enabled":false},"version":2}},"categories":[21,19],"tags":[22,125],"class_list":["post-3058","post","type-post","status-publish","format-standard","has-post-thumbnail","hentry","category-aguascalientes","category-informacion-general","tag-aguascalientes","tag-super-copa"],"jetpack_publicize_connections":[],"jetpack_featured_media_url":"https:\/\/i0.wp.com\/informativoelvalledeaguascalientes.online\/wp-content\/uploads\/2020\/02\/supercopa_17022020.jpg?fit=1122%2C631&ssl=1","jetpack-related-posts":[],"jetpack_sharing_enabled":true,"jetpack_likes_enabled":true,"_links":{"self":[{"href":"https:\/\/informativoelvalledeaguascalientes.online\/index.php?rest_route=\/wp\/v2\/posts\/3058","targetHints":{"allow":["GET"]}}],"collection":[{"href":"https:\/\/informativoelvalledeaguascalientes.online\/index.php?rest_route=\/wp\/v2\/posts"}],"about":[{"href":"https:\/\/informativoelvalledeaguascalientes.online\/index.php?rest_route=\/wp\/v2\/types\/post"}],"author":[{"embeddable":true,"href":"https:\/\/informativoelvalledeaguascalientes.online\/index.php?rest_route=\/wp\/v2\/users\/1"}],"replies":[{"embeddable":true,"href":"https:\/\/informativoelvalledeaguascalientes.online\/index.php?rest_route=%2Fwp%2Fv2%2Fcomments&post=3058"}],"version-history":[{"count":2,"href":"https:\/\/informativoelvalledeaguascalientes.online\/index.php?rest_route=\/wp\/v2\/posts\/3058\/revisions"}],"predecessor-version":[{"id":3061,"href":"https:\/\/informativoelvalledeaguascalientes.online\/index.php?rest_route=\/wp\/v2\/posts\/3058\/revisions\/3061"}],"wp:featuredmedia":[{"embeddable":true,"href":"https:\/\/informativoelvalledeaguascalientes.online\/index.php?rest_route=\/wp\/v2\/media\/3059"}],"wp:attachment":[{"href":"https:\/\/informativoelvalledeaguascalientes.online\/index.php?rest_route=%2Fwp%2Fv2%2Fmedia&parent=3058"}],"wp:term":[{"taxonomy":"category","embeddable":true,"href":"https:\/\/informativoelvalledeaguascalientes.online\/index.php?rest_route=%2Fwp%2Fv2%2Fcategories&post=3058"},{"taxonomy":"post_tag","embeddable":true,"href":"https:\/\/informativoelvalledeaguascalientes.online\/index.php?rest_route=%2Fwp%2Fv2%2Ftags&post=3058"}],"curies":[{"name":"wp","href":"https:\/\/api.w.org\/{rel}","templated":true}]}}