{"id":30550,"date":"2022-05-06T21:22:44","date_gmt":"2022-05-07T03:22:44","guid":{"rendered":"https:\/\/informativoelvalledeaguascalientes.online\/?p=30550"},"modified":"2022-05-06T21:22:44","modified_gmt":"2022-05-07T03:22:44","slug":"refuerza-municipio-operativos-de-concientizacion-ambiental-en-la-fnsm","status":"publish","type":"post","link":"https:\/\/informativoelvalledeaguascalientes.online\/?p=30550","title":{"rendered":"REFUERZA MUNICIPIO OPERATIVOS DE CONCIENTIZACI\u00d3N AMBIENTAL EN LA FNSM"},"content":{"rendered":"<p><strong>#informativoelvalledeaguascalientes , #novaradioaguascalientes<br \/>\n<\/strong><\/p>\n<ul>\n<li><strong>La SEMADESU capacita y promueve en el \u00e1rea ferial la disminuci\u00f3n de pl\u00e1sticos<\/strong><\/li>\n<\/ul>\n<p>La presidencia municipal de Aguascalientes, a trav\u00e9s de la Secretar\u00eda de Medio Ambiente y Desarrollo Sustentable (SEMADESU) contin\u00faa con los operativos dentro del per\u00edmetro ferial,\u00a0 a trav\u00e9s de los que se capacita y promueve el manejo consciente de pl\u00e1sticos en encargados y propietarios\u00a0 de establecimientos, as\u00ed como en la ciudadan\u00eda.<\/p>\n<p>Con base a la metodolog\u00eda del Programa de Administraci\u00f3n Sustentable (PROMAS) 2022 se concientiza acerca de la importancia de adoptar h\u00e1bitos que contribuyan a cuidar el medio ambiente como la disminuci\u00f3n de pl\u00e1sticos y envases de un solo uso que llegan al relleno sanitario.<\/p>\n<p>Como parte de estas acciones se impulsa la utilizaci\u00f3n de bolsas de tela o popotes biodegradables, la separaci\u00f3n de residuos y la reutilizaci\u00f3n de materiales.<\/p>\n<p>En esta edici\u00f3n de la Feria Nacional de San Marcos se implementaron las campa\u00f1as de responsabilidad social \u00abCrack\u00bb y \u00abDesplastif\u00edcate\u00bb, con el prop\u00f3sito de reforzar la concientizaci\u00f3n de no generar basura de forma innecesaria o en exceso.<\/p>\n","protected":false},"excerpt":{"rendered":"<p>#informativoelvalledeaguascalientes , #novaradioaguascalientes La SEMADESU capacita y promueve en el \u00e1rea ferial la disminuci\u00f3n de pl\u00e1sticos La presidencia municipal de Aguascalientes, a trav\u00e9s de la Secretar\u00eda de Medio Ambiente y Desarrollo Sustentable (SEMADESU) contin\u00faa con los operativos dentro del per\u00edmetro ferial,\u00a0 a trav\u00e9s de los que se capacita y promueve el manejo consciente de pl\u00e1sticos [&hellip;]<\/p>\n","protected":false},"author":1,"featured_media":30554,"comment_status":"closed","ping_status":"open","sticky":false,"template":"","format":"standard","meta":{"advanced_seo_description":"","jetpack_seo_html_title":"","jetpack_seo_noindex":false,"_jetpack_memberships_contains_paid_content":false,"footnotes":"","jetpack_publicize_message":"","jetpack_publicize_feature_enabled":true,"jetpack_social_post_already_shared":true,"jetpack_social_options":{"image_generator_settings":{"template":"highway","default_image_id":0,"font":"","enabled":false},"version":2}},"categories":[21,3],"tags":[22,25,151],"class_list":["post-30550","post","type-post","status-publish","format-standard","has-post-thumbnail","hentry","category-aguascalientes","category-municipio-aguascalientes","tag-aguascalientes","tag-mpio-aguascalientes","tag-mpio-aguascalientes-semadesu"],"jetpack_publicize_connections":[],"jetpack_featured_media_url":"https:\/\/i0.wp.com\/informativoelvalledeaguascalientes.online\/wp-content\/uploads\/2022\/05\/IMG_5348-scaled-1.jpg?fit=2560%2C1708&ssl=1","jetpack-related-posts":[],"jetpack_sharing_enabled":true,"jetpack_likes_enabled":true,"_links":{"self":[{"href":"https:\/\/informativoelvalledeaguascalientes.online\/index.php?rest_route=\/wp\/v2\/posts\/30550","targetHints":{"allow":["GET"]}}],"collection":[{"href":"https:\/\/informativoelvalledeaguascalientes.online\/index.php?rest_route=\/wp\/v2\/posts"}],"about":[{"href":"https:\/\/informativoelvalledeaguascalientes.online\/index.php?rest_route=\/wp\/v2\/types\/post"}],"author":[{"embeddable":true,"href":"https:\/\/informativoelvalledeaguascalientes.online\/index.php?rest_route=\/wp\/v2\/users\/1"}],"replies":[{"embeddable":true,"href":"https:\/\/informativoelvalledeaguascalientes.online\/index.php?rest_route=%2Fwp%2Fv2%2Fcomments&post=30550"}],"version-history":[{"count":1,"href":"https:\/\/informativoelvalledeaguascalientes.online\/index.php?rest_route=\/wp\/v2\/posts\/30550\/revisions"}],"predecessor-version":[{"id":30555,"href":"https:\/\/informativoelvalledeaguascalientes.online\/index.php?rest_route=\/wp\/v2\/posts\/30550\/revisions\/30555"}],"wp:featuredmedia":[{"embeddable":true,"href":"https:\/\/informativoelvalledeaguascalientes.online\/index.php?rest_route=\/wp\/v2\/media\/30554"}],"wp:attachment":[{"href":"https:\/\/informativoelvalledeaguascalientes.online\/index.php?rest_route=%2Fwp%2Fv2%2Fmedia&parent=30550"}],"wp:term":[{"taxonomy":"category","embeddable":true,"href":"https:\/\/informativoelvalledeaguascalientes.online\/index.php?rest_route=%2Fwp%2Fv2%2Fcategories&post=30550"},{"taxonomy":"post_tag","embeddable":true,"href":"https:\/\/informativoelvalledeaguascalientes.online\/index.php?rest_route=%2Fwp%2Fv2%2Ftags&post=30550"}],"curies":[{"name":"wp","href":"https:\/\/api.w.org\/{rel}","templated":true}]}}