{"id":30522,"date":"2022-05-04T23:17:37","date_gmt":"2022-05-05T05:17:37","guid":{"rendered":"https:\/\/informativoelvalledeaguascalientes.online\/?p=30522"},"modified":"2022-05-04T23:17:37","modified_gmt":"2022-05-05T05:17:37","slug":"disenan-tecnologia-14-estudiantes-de-la-uta-egresados-de-la-segunda-generacion-del-modelo-de-formacion-dual","status":"publish","type":"post","link":"https:\/\/informativoelvalledeaguascalientes.online\/?p=30522","title":{"rendered":"DISE\u00d1AN TECNOLOG\u00cdA 14 ESTUDIANTES DE LA UTA EGRESADOS DE LA SEGUNDA GENERACI\u00d3N DEL MODELO DE FORMACI\u00d3N DUAL\u00a0\u00a0"},"content":{"rendered":"<p style=\"font-weight: 400;\"><strong>#informativoelvalledeaguascalientes , #novaradioaguascalientes<br \/>\n<\/strong><\/p>\n<p style=\"font-weight: 400;\">\n<ul style=\"font-weight: 400;\">\n<li><strong><em>La formaci\u00f3n de las y los estudiantes se desarrolla en alternancia de clases en la universidad y su estad\u00eda profesional en la industria\u00a0<\/em><\/strong><\/li>\n<li><strong><em>Se consolida la vinculaci\u00f3n entre universidad y empresa con la formaci\u00f3n de profesionistas con experiencia laboral\u00a0\u00a0<\/em><\/strong><\/li>\n<li><strong><em>\u00a0Presentan ante directivos y empresarios proyectos de innovaci\u00f3n mediante la aplicaci\u00f3n de dise\u00f1o y desarrollo de tecnolog\u00eda\u00a0en idioma ingl\u00e9s\u00a0<\/em><\/strong>\n<p>Con la colaboraci\u00f3n de las empresas en el fortalecimiento del Modelo de Formaci\u00f3n Dual que contribuye a elevar la competitividad de los futuros profesionistas, catorce estudiantes de la Ingenier\u00eda en Mecatr\u00f3nica de la Universidad Tecnol\u00f3gica de Aguascalientes (UTA) concluyeron la cuarta fase empresarial al cumplir con su Estad\u00eda Profesional presentando proyectos innovadores de dise\u00f1o y desarrollo de tecnolog\u00eda.<\/p>\n<p>Las y los estudiantes de la UTA egresados de la segunda generaci\u00f3n del Modelo de Formaci\u00f3n DUAL, que tiene su origen en Alemania y que consiste en mezclar la teor\u00eda y la pr\u00e1ctica, desarrollaron habilidades y aptitudes mediante la experiencia en escenarios reales de trabajo incorpor\u00e1ndose a las empresas Qas M\u00e9xico, Lovatex, Komatsu Industries Mexico, Industrias JoBar, Diseko Soluciones, Tmk Servicios, Shonan M\u00e9xico, Ditromexico y Meyza Dise\u00f1o y Maquinados.<\/p>\n<p>Durante la presentaci\u00f3n de los proyectos industriales realizada por los estudiantes en idioma ingl\u00e9s ante las autoridades universitarias y directivos de las empresas, Guillermo Hern\u00e1ndez Duque, rector de la UTA, felicit\u00f3 a los nuevos ingenieros al tiempo que resalt\u00f3 la importancia de participar en este esquema educativo global que los dota de ventajas competitivas y brinda proyecci\u00f3n tecnol\u00f3gica a las empresas locales.<\/p>\n<p>Manifest\u00f3 que el Modelo de Formaci\u00f3n DUAL que oferta la Universidad Tecnol\u00f3gica y que se apega al de la formaci\u00f3n alemana ha dado buenos resultados en el enriquecimiento del conocimiento de los estudiantes que se han formado en alternancia cada cuatro meses con clases en la universidad y su estancia en la industria.<\/p>\n<p>El rector resalt\u00f3 que la problem\u00e1tica de falta de experiencia para los reci\u00e9n egresados es eliminada con este modelo educativo porque al egresar, los estudiantes cuentan con las habilidades requeridas para el desempe\u00f1o y desarrollo de su profesi\u00f3n y logran insertarse r\u00e1pidamente en el campo laboral.<\/p>\n<p>Hern\u00e1ndez Duque tambi\u00e9n agradeci\u00f3 a los representantes de las empresas que acompa\u00f1aron a los estudiantes en las presentaciones de sus proyectos por sumarse a fortalecer esta vinculaci\u00f3n reforzando los conocimientos en la pr\u00e1ctica y formando a profesionistas integrales.<\/p>\n<p>Por su parte, los empresarios coincidieron en que la inversi\u00f3n que comenz\u00f3 desde la primera fase empresarial con el otorgamiento de la beca, que corre por parte de la empresa, ha valido la pena al ver el crecimiento personal y profesional que tuvieron los estudiantes de la Universidad Tecnol\u00f3gica de Aguascalientes, quienes adem\u00e1s recibieron el\u00a0<em style=\"font-weight: inherit;\">Certified SolidWorks Associate Certification (C<\/em>SWA), la certificaci\u00f3n de nivel base establecida por\u00a0<em style=\"font-weight: inherit;\">SolidWorks Corporation<\/em>.<\/li>\n<\/ul>\n","protected":false},"excerpt":{"rendered":"<p>#informativoelvalledeaguascalientes , #novaradioaguascalientes La formaci\u00f3n de las y los estudiantes se desarrolla en alternancia de clases en la universidad y su estad\u00eda profesional en la industria\u00a0 Se consolida la vinculaci\u00f3n entre universidad y empresa con la formaci\u00f3n de profesionistas con experiencia laboral\u00a0\u00a0 \u00a0Presentan ante directivos y empresarios proyectos de innovaci\u00f3n mediante la aplicaci\u00f3n de dise\u00f1o [&hellip;]<\/p>\n","protected":false},"author":1,"featured_media":30523,"comment_status":"closed","ping_status":"open","sticky":false,"template":"","format":"standard","meta":{"advanced_seo_description":"","jetpack_seo_html_title":"","jetpack_seo_noindex":false,"_jetpack_memberships_contains_paid_content":false,"footnotes":"","jetpack_publicize_message":"","jetpack_publicize_feature_enabled":true,"jetpack_social_post_already_shared":true,"jetpack_social_options":{"image_generator_settings":{"template":"highway","default_image_id":0,"font":"","enabled":false},"version":2}},"categories":[21,4],"tags":[22,28],"class_list":["post-30522","post","type-post","status-publish","format-standard","has-post-thumbnail","hentry","category-aguascalientes","category-gobierno-del-estado-aguascalientes","tag-aguascalientes","tag-uta"],"jetpack_publicize_connections":[],"jetpack_featured_media_url":"https:\/\/i0.wp.com\/informativoelvalledeaguascalientes.online\/wp-content\/uploads\/2022\/05\/BOL-28_DISENAN-TECNOLOGIA-14-ESTUDIANTES-DE-LA-UTA-EGRESADOS-DE-LA-SEGUNDA-GENERACION-DEL-MODELO-DE-FORMACION-DUAL-3.jpeg?fit=1280%2C853&ssl=1","jetpack-related-posts":[],"jetpack_sharing_enabled":true,"jetpack_likes_enabled":true,"_links":{"self":[{"href":"https:\/\/informativoelvalledeaguascalientes.online\/index.php?rest_route=\/wp\/v2\/posts\/30522","targetHints":{"allow":["GET"]}}],"collection":[{"href":"https:\/\/informativoelvalledeaguascalientes.online\/index.php?rest_route=\/wp\/v2\/posts"}],"about":[{"href":"https:\/\/informativoelvalledeaguascalientes.online\/index.php?rest_route=\/wp\/v2\/types\/post"}],"author":[{"embeddable":true,"href":"https:\/\/informativoelvalledeaguascalientes.online\/index.php?rest_route=\/wp\/v2\/users\/1"}],"replies":[{"embeddable":true,"href":"https:\/\/informativoelvalledeaguascalientes.online\/index.php?rest_route=%2Fwp%2Fv2%2Fcomments&post=30522"}],"version-history":[{"count":1,"href":"https:\/\/informativoelvalledeaguascalientes.online\/index.php?rest_route=\/wp\/v2\/posts\/30522\/revisions"}],"predecessor-version":[{"id":30524,"href":"https:\/\/informativoelvalledeaguascalientes.online\/index.php?rest_route=\/wp\/v2\/posts\/30522\/revisions\/30524"}],"wp:featuredmedia":[{"embeddable":true,"href":"https:\/\/informativoelvalledeaguascalientes.online\/index.php?rest_route=\/wp\/v2\/media\/30523"}],"wp:attachment":[{"href":"https:\/\/informativoelvalledeaguascalientes.online\/index.php?rest_route=%2Fwp%2Fv2%2Fmedia&parent=30522"}],"wp:term":[{"taxonomy":"category","embeddable":true,"href":"https:\/\/informativoelvalledeaguascalientes.online\/index.php?rest_route=%2Fwp%2Fv2%2Fcategories&post=30522"},{"taxonomy":"post_tag","embeddable":true,"href":"https:\/\/informativoelvalledeaguascalientes.online\/index.php?rest_route=%2Fwp%2Fv2%2Ftags&post=30522"}],"curies":[{"name":"wp","href":"https:\/\/api.w.org\/{rel}","templated":true}]}}