{"id":3051,"date":"2020-02-17T21:50:28","date_gmt":"2020-02-18T03:50:28","guid":{"rendered":"https:\/\/informativoelvalledeaguascalientes.online\/?p=3051"},"modified":"2020-02-17T21:50:49","modified_gmt":"2020-02-18T03:50:49","slug":"video-conforma-accion-nacional-consejo-estatal-de-vinculacion-ciudadana","status":"publish","type":"post","link":"https:\/\/informativoelvalledeaguascalientes.online\/?p=3051","title":{"rendered":"VIDEO: CONFORMA ACCI\u00d3N NACIONAL CONSEJO  ESTATAL DE VINCULACI\u00d3N CIUDADANA"},"content":{"rendered":"<p>Aqui el video de la conferencia de prensa<\/p>\n<div class=\"fb-video\" data-allowfullscreen=\"true\" data-href=\"https:\/\/www.facebook.com\/157738440923902\/videos\/2973661475979868\/\" style=\"background-color: #fff; display: inline-block;\"><\/div>\n<ul>\n<li style=\"font-weight: 400;\"><strong>El papel de la sociedad civil organizada es fundamental para el desarrollo de la democracia.<\/strong><\/li>\n<\/ul>\n<p style=\"font-weight: 400;\"><strong>\u00a0<\/strong><\/p>\n<ul>\n<li style=\"font-weight: 400;\"><strong>El presidente estatal\u00a0<\/strong><strong>anunci\u00f3 los cambios en la Secretar\u00eda General Adjunta y en la Secretar\u00eda de Capacitaci\u00f3n.<\/strong><\/li>\n<\/ul>\n<p style=\"font-weight: 400;\"><strong>\u00a0<\/strong><strong>\u00a0<\/strong><\/p>\n<p style=\"font-weight: 400;\">\u00a0\u00a0Con el objetivo generar y fortalecer lazos que permitan la colaboraci\u00f3n partido-sociedad civil organizada, Acci\u00f3n Nacional conform\u00f3 el Consejo Estatal de Vinculaci\u00f3n Ciudadana, as\u00ed lo dio a conocer el presidente blanquiazul Gustavo B\u00e1ez Leos.<\/p>\n<p style=\"font-weight: 400;\">\u00a0\u00a0\u00a0\u201cEl papel de la sociedad civil organizada es fundamental para el desarrollo de la democracia en M\u00e9xico, ya que esta conoce y atiende los problemas que las autoridades no resuelven y sus esfuerzos contribuyen a una construcci\u00f3n de un M\u00e9xico mejor\u201d, asegur\u00f3.<\/p>\n<p style=\"font-weight: 400;\">\u00a0\u00a0\u00a0Quienes conforman este Consejo Estatal de Vinculaci\u00f3n Ciudadana son: Abel L\u00e1riz Serna, Laura Elena de Anda Mart\u00ednez, Rosa Olivia V\u00e1zquez Hern\u00e1ndez y Braulio Paredes Mart\u00ednez, los cuales se encargar\u00e1n de escuchar a la sociedad de todo Aguascalientes.<\/p>\n<p style=\"font-weight: 400;\">\u00a0\u00a0\u00a0\u201cEstamos sumamente interesados en construir una agenda de trabajo que en colaboraci\u00f3n con la sociedad civil organizada nos permita continuar construyendo un mejor Aguascalientes\u201d, puntualiz\u00f3.<\/p>\n<p style=\"font-weight: 400;\">\u00a0\u00a0\u00a0Durante la rueda de prensa llevada a cabo en la sede panista, B\u00e1ez Leos anunci\u00f3 los cambios en la Secretar\u00eda General Adjunta y en la Secretar\u00eda de Capacitaci\u00f3n, nombrando a Ver\u00f3nica Ram\u00edrez Luna como secretaria general adjunta y a Ricardo Raigoza Mej\u00eda, como secretario de capacitaci\u00f3n.<\/p>\n","protected":false},"excerpt":{"rendered":"<p>Aqui el video de la conferencia de prensa El papel de la sociedad civil organizada es fundamental para el desarrollo de la democracia. \u00a0 El presidente estatal\u00a0anunci\u00f3 los cambios en la Secretar\u00eda General Adjunta y en la Secretar\u00eda de Capacitaci\u00f3n. \u00a0\u00a0 \u00a0\u00a0Con el objetivo generar y fortalecer lazos que permitan la colaboraci\u00f3n partido-sociedad civil organizada, [&hellip;]<\/p>\n","protected":false},"author":1,"featured_media":3052,"comment_status":"closed","ping_status":"open","sticky":false,"template":"","format":"standard","meta":{"advanced_seo_description":"","jetpack_seo_html_title":"","jetpack_seo_noindex":false,"_jetpack_memberships_contains_paid_content":false,"footnotes":"","jetpack_publicize_message":"","jetpack_publicize_feature_enabled":true,"jetpack_social_post_already_shared":true,"jetpack_social_options":{"image_generator_settings":{"template":"highway","default_image_id":0,"font":"","enabled":false},"version":2}},"categories":[21,19,7,6],"tags":[22,43],"class_list":["post-3051","post","type-post","status-publish","format-standard","has-post-thumbnail","hentry","category-aguascalientes","category-informacion-general","category-pan-aguascalientes","category-partidos-politicos","tag-aguascalientes","tag-pan-aguascalientes-cde"],"jetpack_publicize_connections":[],"jetpack_featured_media_url":"https:\/\/i0.wp.com\/informativoelvalledeaguascalientes.online\/wp-content\/uploads\/2020\/02\/n_ags_cde_17022020.jpg?fit=1044%2C631&ssl=1","jetpack-related-posts":[],"jetpack_sharing_enabled":true,"jetpack_likes_enabled":true,"_links":{"self":[{"href":"https:\/\/informativoelvalledeaguascalientes.online\/index.php?rest_route=\/wp\/v2\/posts\/3051","targetHints":{"allow":["GET"]}}],"collection":[{"href":"https:\/\/informativoelvalledeaguascalientes.online\/index.php?rest_route=\/wp\/v2\/posts"}],"about":[{"href":"https:\/\/informativoelvalledeaguascalientes.online\/index.php?rest_route=\/wp\/v2\/types\/post"}],"author":[{"embeddable":true,"href":"https:\/\/informativoelvalledeaguascalientes.online\/index.php?rest_route=\/wp\/v2\/users\/1"}],"replies":[{"embeddable":true,"href":"https:\/\/informativoelvalledeaguascalientes.online\/index.php?rest_route=%2Fwp%2Fv2%2Fcomments&post=3051"}],"version-history":[{"count":2,"href":"https:\/\/informativoelvalledeaguascalientes.online\/index.php?rest_route=\/wp\/v2\/posts\/3051\/revisions"}],"predecessor-version":[{"id":3054,"href":"https:\/\/informativoelvalledeaguascalientes.online\/index.php?rest_route=\/wp\/v2\/posts\/3051\/revisions\/3054"}],"wp:featuredmedia":[{"embeddable":true,"href":"https:\/\/informativoelvalledeaguascalientes.online\/index.php?rest_route=\/wp\/v2\/media\/3052"}],"wp:attachment":[{"href":"https:\/\/informativoelvalledeaguascalientes.online\/index.php?rest_route=%2Fwp%2Fv2%2Fmedia&parent=3051"}],"wp:term":[{"taxonomy":"category","embeddable":true,"href":"https:\/\/informativoelvalledeaguascalientes.online\/index.php?rest_route=%2Fwp%2Fv2%2Fcategories&post=3051"},{"taxonomy":"post_tag","embeddable":true,"href":"https:\/\/informativoelvalledeaguascalientes.online\/index.php?rest_route=%2Fwp%2Fv2%2Ftags&post=3051"}],"curies":[{"name":"wp","href":"https:\/\/api.w.org\/{rel}","templated":true}]}}