{"id":30505,"date":"2022-05-04T22:23:28","date_gmt":"2022-05-05T04:23:28","guid":{"rendered":"https:\/\/informativoelvalledeaguascalientes.online\/?p=30505"},"modified":"2022-05-04T22:23:28","modified_gmt":"2022-05-05T04:23:28","slug":"testimonio","status":"publish","type":"post","link":"https:\/\/informativoelvalledeaguascalientes.online\/?p=30505","title":{"rendered":"TESTIMONIO"},"content":{"rendered":"<p><strong>#informativoelvalledeaguascalientes , #novaradioaguascalientes<br \/>\n<\/strong><\/p>\n<p>Don Roberto de Luna tiene 54 a\u00f1os, 4 hijos y vive en Boca de T\u00fanel, San Jos\u00e9 de Gracia.<\/p>\n<p>Nunca imagin\u00f3 que vivir\u00eda para ver a una mujer como gobernadora de Aguascalientes, un cambio que a su parecer ser\u00e1 muy importante, porque: \u201cElla es una mujer muy trabajadora\u201d.<\/p>\n<p>Hoy se acerc\u00f3 a conocer a Tere Jim\u00e9nez a T\u00fanel de Potrerillos y a corroborar que lo que ha o\u00eddo es real: que los campesinos como \u00e9l tendr\u00e1n apoyos que les faciliten sus labores.<\/p>\n<p>Don Roberto conf\u00eda en que, con Tere Jim\u00e9nez como gobernadora, las escuelas volver\u00e1n a tener maestros y el Centro de Salud contar\u00e1 con medicinas, tal y como ha escuchado a trav\u00e9s de otros hidroc\u00e1lidos que le han compartido algunas de las propuestas de la candidata.<\/p>\n","protected":false},"excerpt":{"rendered":"<p>#informativoelvalledeaguascalientes , #novaradioaguascalientes Don Roberto de Luna tiene 54 a\u00f1os, 4 hijos y vive en Boca de T\u00fanel, San Jos\u00e9 de Gracia. Nunca imagin\u00f3 que vivir\u00eda para ver a una mujer como gobernadora de Aguascalientes, un cambio que a su parecer ser\u00e1 muy importante, porque: \u201cElla es una mujer muy trabajadora\u201d. Hoy se acerc\u00f3 a [&hellip;]<\/p>\n","protected":false},"author":1,"featured_media":30506,"comment_status":"closed","ping_status":"open","sticky":false,"template":"","format":"standard","meta":{"advanced_seo_description":"","jetpack_seo_html_title":"","jetpack_seo_noindex":false,"_jetpack_memberships_contains_paid_content":false,"footnotes":"","jetpack_publicize_message":"","jetpack_publicize_feature_enabled":true,"jetpack_social_post_already_shared":true,"jetpack_social_options":{"image_generator_settings":{"template":"highway","default_image_id":0,"font":"","enabled":false},"version":2}},"categories":[21,7],"tags":[22,23,43,320],"class_list":["post-30505","post","type-post","status-publish","format-standard","has-post-thumbnail","hentry","category-aguascalientes","category-pan-aguascalientes","tag-aguascalientes","tag-pan-aguascalientes","tag-pan-aguascalientes-cde","tag-tere-jimenez"],"jetpack_publicize_connections":[],"jetpack_featured_media_url":"https:\/\/i0.wp.com\/informativoelvalledeaguascalientes.online\/wp-content\/uploads\/2022\/05\/51923e21-9779-4dd4-b4d3-cc4f3faf2b12.jpg?fit=1066%2C1600&ssl=1","jetpack-related-posts":[],"jetpack_sharing_enabled":true,"jetpack_likes_enabled":true,"_links":{"self":[{"href":"https:\/\/informativoelvalledeaguascalientes.online\/index.php?rest_route=\/wp\/v2\/posts\/30505","targetHints":{"allow":["GET"]}}],"collection":[{"href":"https:\/\/informativoelvalledeaguascalientes.online\/index.php?rest_route=\/wp\/v2\/posts"}],"about":[{"href":"https:\/\/informativoelvalledeaguascalientes.online\/index.php?rest_route=\/wp\/v2\/types\/post"}],"author":[{"embeddable":true,"href":"https:\/\/informativoelvalledeaguascalientes.online\/index.php?rest_route=\/wp\/v2\/users\/1"}],"replies":[{"embeddable":true,"href":"https:\/\/informativoelvalledeaguascalientes.online\/index.php?rest_route=%2Fwp%2Fv2%2Fcomments&post=30505"}],"version-history":[{"count":1,"href":"https:\/\/informativoelvalledeaguascalientes.online\/index.php?rest_route=\/wp\/v2\/posts\/30505\/revisions"}],"predecessor-version":[{"id":30507,"href":"https:\/\/informativoelvalledeaguascalientes.online\/index.php?rest_route=\/wp\/v2\/posts\/30505\/revisions\/30507"}],"wp:featuredmedia":[{"embeddable":true,"href":"https:\/\/informativoelvalledeaguascalientes.online\/index.php?rest_route=\/wp\/v2\/media\/30506"}],"wp:attachment":[{"href":"https:\/\/informativoelvalledeaguascalientes.online\/index.php?rest_route=%2Fwp%2Fv2%2Fmedia&parent=30505"}],"wp:term":[{"taxonomy":"category","embeddable":true,"href":"https:\/\/informativoelvalledeaguascalientes.online\/index.php?rest_route=%2Fwp%2Fv2%2Fcategories&post=30505"},{"taxonomy":"post_tag","embeddable":true,"href":"https:\/\/informativoelvalledeaguascalientes.online\/index.php?rest_route=%2Fwp%2Fv2%2Ftags&post=30505"}],"curies":[{"name":"wp","href":"https:\/\/api.w.org\/{rel}","templated":true}]}}