{"id":30498,"date":"2022-05-04T22:16:37","date_gmt":"2022-05-05T04:16:37","guid":{"rendered":"https:\/\/informativoelvalledeaguascalientes.online\/?p=30498"},"modified":"2022-05-04T22:16:37","modified_gmt":"2022-05-05T04:16:37","slug":"congreso-de-aguascalientes-lanza-nueva-convocatoria-para-foro-indigena","status":"publish","type":"post","link":"https:\/\/informativoelvalledeaguascalientes.online\/?p=30498","title":{"rendered":"CONGRESO DE AGUASCALIENTES LANZA NUEVA CONVOCATORIA PARA FORO IND\u00cdGENA"},"content":{"rendered":"<p><strong>#informativoelvalledeaguascalientes , #novaradioaguascalientes<br \/>\n<\/strong><\/p>\n<ul>\n<li><em>En ese espacio, se contempla la participaci\u00f3n de personas que fungir\u00e1n como int\u00e9rpretes en lenguas n\u00e1huatl, mazahua y waxarika, para facilitar la comunicaci\u00f3n con los diversos grupos \u00e9tnicos que participar\u00e1n.<\/em><\/li>\n<\/ul>\n<p><em>\u00a0<\/em><\/p>\n<p>&nbsp;<\/p>\n<p>En sesi\u00f3n ordinaria de las Comisiones unidas de Gobernaci\u00f3n y Puntos Constitucionales, y la de Educaci\u00f3n y Cultura de la LXV Legislatura, que presiden la diputada Nancy Guti\u00e9rrez Ruvalcaba y el legislador Ra\u00fal Siva Perezchica, en ese orden, se aprob\u00f3 la convocatoria para la realizaci\u00f3n de un foro de consulta en materia ind\u00edgena, el pr\u00f3ximo 10 de junio del presente a\u00f1o en el Vest\u00edbulo del Palacio Legislativo.<\/p>\n<p>&nbsp;<\/p>\n<p>Conforme al Acuerdo Legislativo, el eje central del an\u00e1lisis de este espacio de opini\u00f3n, se centra los temas de derechos, prerrogativas, obligaciones, respeto y aplicaci\u00f3n de la Ley y Di\u00e1logos para la Protecci\u00f3n y Salvaguarda de Derechos Colectivos de los Pueblos y Comunidades Ind\u00edgenas, y en el cual participar\u00e1n representantes de la poblaci\u00f3n ind\u00edgena, afromexicana y de personas con discapacidad que radican en Aguascalientes.<\/p>\n<p>&nbsp;<\/p>\n<p>En este sentido, la diputada Nancy Guti\u00e9rrez dio a conocer que en Aguascalientes existe la presencia de \u201c9 mil 300 ind\u00edgenas que representan a 26 pueblos y comunidades, los cuales expresan en reiteradas ocasiones que no se sienten representados\u201d, por lo que exhort\u00f3 a las autoridades respectivas a crear pol\u00edticas p\u00fablicas que atiendan a estos grupos sociales en situaciones de vulnerabilidad.<\/p>\n<p>&nbsp;<\/p>\n<p>De igual manera, la legisladora Nancy Mac\u00edas calific\u00f3 de acertada la decisi\u00f3n de impulsar de nuevo este Acuerdo que le dar\u00e1 voz a la comunidad ind\u00edgena; subray\u00f3 que solicitar\u00e1 el apoyo del Centro Ind\u00edgena del DIF Estatal para que desde ah\u00ed se difunda tambi\u00e9n la organizaci\u00f3n de este foro<\/p>\n<p>&nbsp;<\/p>\n<p>A la sesi\u00f3n de ambas comisiones asistieron las y los congresistas Vero Romo, Temo Escobedo, Karola Mac\u00edas, Quique Galo, Mayra Torres y Yolytzin Rodr\u00edguez.<\/p>\n","protected":false},"excerpt":{"rendered":"<p>#informativoelvalledeaguascalientes , #novaradioaguascalientes En ese espacio, se contempla la participaci\u00f3n de personas que fungir\u00e1n como int\u00e9rpretes en lenguas n\u00e1huatl, mazahua y waxarika, para facilitar la comunicaci\u00f3n con los diversos grupos \u00e9tnicos que participar\u00e1n. \u00a0 &nbsp; En sesi\u00f3n ordinaria de las Comisiones unidas de Gobernaci\u00f3n y Puntos Constitucionales, y la de Educaci\u00f3n y Cultura de la [&hellip;]<\/p>\n","protected":false},"author":1,"featured_media":30501,"comment_status":"closed","ping_status":"open","sticky":false,"template":"","format":"standard","meta":{"advanced_seo_description":"","jetpack_seo_html_title":"","jetpack_seo_noindex":false,"_jetpack_memberships_contains_paid_content":false,"footnotes":"","jetpack_publicize_message":"","jetpack_publicize_feature_enabled":true,"jetpack_social_post_already_shared":true,"jetpack_social_options":{"image_generator_settings":{"template":"highway","default_image_id":0,"font":"","enabled":false},"version":2}},"categories":[21,5],"tags":[22,520],"class_list":["post-30498","post","type-post","status-publish","format-standard","has-post-thumbnail","hentry","category-aguascalientes","category-h-congreso-del-estado-aguascalientes","tag-aguascalientes","tag-lxv-legislatura-aguascalientes"],"jetpack_publicize_connections":[],"jetpack_featured_media_url":"https:\/\/i0.wp.com\/informativoelvalledeaguascalientes.online\/wp-content\/uploads\/2022\/05\/DSC_5929.jpg?fit=852%2C568&ssl=1","jetpack-related-posts":[],"jetpack_sharing_enabled":true,"jetpack_likes_enabled":true,"_links":{"self":[{"href":"https:\/\/informativoelvalledeaguascalientes.online\/index.php?rest_route=\/wp\/v2\/posts\/30498","targetHints":{"allow":["GET"]}}],"collection":[{"href":"https:\/\/informativoelvalledeaguascalientes.online\/index.php?rest_route=\/wp\/v2\/posts"}],"about":[{"href":"https:\/\/informativoelvalledeaguascalientes.online\/index.php?rest_route=\/wp\/v2\/types\/post"}],"author":[{"embeddable":true,"href":"https:\/\/informativoelvalledeaguascalientes.online\/index.php?rest_route=\/wp\/v2\/users\/1"}],"replies":[{"embeddable":true,"href":"https:\/\/informativoelvalledeaguascalientes.online\/index.php?rest_route=%2Fwp%2Fv2%2Fcomments&post=30498"}],"version-history":[{"count":1,"href":"https:\/\/informativoelvalledeaguascalientes.online\/index.php?rest_route=\/wp\/v2\/posts\/30498\/revisions"}],"predecessor-version":[{"id":30502,"href":"https:\/\/informativoelvalledeaguascalientes.online\/index.php?rest_route=\/wp\/v2\/posts\/30498\/revisions\/30502"}],"wp:featuredmedia":[{"embeddable":true,"href":"https:\/\/informativoelvalledeaguascalientes.online\/index.php?rest_route=\/wp\/v2\/media\/30501"}],"wp:attachment":[{"href":"https:\/\/informativoelvalledeaguascalientes.online\/index.php?rest_route=%2Fwp%2Fv2%2Fmedia&parent=30498"}],"wp:term":[{"taxonomy":"category","embeddable":true,"href":"https:\/\/informativoelvalledeaguascalientes.online\/index.php?rest_route=%2Fwp%2Fv2%2Fcategories&post=30498"},{"taxonomy":"post_tag","embeddable":true,"href":"https:\/\/informativoelvalledeaguascalientes.online\/index.php?rest_route=%2Fwp%2Fv2%2Ftags&post=30498"}],"curies":[{"name":"wp","href":"https:\/\/api.w.org\/{rel}","templated":true}]}}