{"id":30487,"date":"2022-05-04T21:52:15","date_gmt":"2022-05-05T03:52:15","guid":{"rendered":"https:\/\/informativoelvalledeaguascalientes.online\/?p=30487"},"modified":"2022-05-04T21:52:15","modified_gmt":"2022-05-05T03:52:15","slug":"municipio-de-aguascalientes-invita-a-la-presentacion-del-libro-60-anos-de-rock-mexicano","status":"publish","type":"post","link":"https:\/\/informativoelvalledeaguascalientes.online\/?p=30487","title":{"rendered":"MUNICIPIO DE AGUASCALIENTES INVITA A LA PRESENTACI\u00d3N DEL LIBRO \u00ab60 A\u00d1OS DE ROCK MEXICANO\u00bb"},"content":{"rendered":"<p><strong>#informativoelvalledeaguascalientes , #novaradioaguascalientes<br \/>\n<\/strong><\/p>\n<p>El Instituto Municipal Aguascalentense para la Cultura (IMAC), invita a la presentaci\u00f3n editorial \u00ab<em>60 a\u00f1os de Rock Mexicano\u00bb\u00a0<\/em>vol. 3<em>,\u00a0<\/em>\u00a0del\u00a0<strong>Sr. Gonz\u00e1lez<\/strong>\u00a0(ex integrante del grupo Botellita de Jerez), que se realizar\u00e1 el jueves 5 de mayo a las 13:00 horas, en el Escenario de Culturas Populares, del Corredor Cultural Carranza.<\/p>\n<p>El ejemplar ser\u00e1 presentado por el autor, acompa\u00f1ado por\u00a0<strong>Jos\u00e9 Antonio Ricarday<\/strong>,\u00a0\u00a0periodista especializado en rock,\u00a0\u00a0y\u00a0<strong>Juan Manuel Mu\u00f1oz<\/strong>, especialista en rock y promotor cultural.<\/p>\n<p>Este es el tercer tomo de la serie, un trabajo de investigaci\u00f3n y entrevistas con los protagonistas del rock en nuestro pa\u00eds y los involucrados en el tema. La serie abarca informaci\u00f3n recopilada de 1956 a 2016.<\/p>\n<p><strong>Rafael Gonz\u00e1lez Villegas<\/strong>, mejor conocido como\u00a0<strong>El Sr. Gonz\u00e1lez<\/strong>, cantante, compositor, percusionista y productor,\u00a0\u00a0ha sido impulsor y promotor cultural, due\u00f1o de la\u00a0\u00a0disquera independiente \u201cDiscos ant\u00eddoto\u201d, ha publicado libros y actualmente participa en el proyecto Combo Movox, con la cantante\u00a0<strong>Zaira Franco<\/strong>, quienes se presentar\u00e1n el jueves 5 de mayo a las 21:00 horas, en el Escenario Principal del Corredor.<\/p>\n<p>Los tres tomos estar\u00e1n a la venta durante la presentaci\u00f3n, para las y los interesados en adquirirlos.<\/p>\n","protected":false},"excerpt":{"rendered":"<p>#informativoelvalledeaguascalientes , #novaradioaguascalientes El Instituto Municipal Aguascalentense para la Cultura (IMAC), invita a la presentaci\u00f3n editorial \u00ab60 a\u00f1os de Rock Mexicano\u00bb\u00a0vol. 3,\u00a0\u00a0del\u00a0Sr. Gonz\u00e1lez\u00a0(ex integrante del grupo Botellita de Jerez), que se realizar\u00e1 el jueves 5 de mayo a las 13:00 horas, en el Escenario de Culturas Populares, del Corredor Cultural Carranza. El ejemplar ser\u00e1 presentado [&hellip;]<\/p>\n","protected":false},"author":1,"featured_media":30489,"comment_status":"closed","ping_status":"open","sticky":false,"template":"","format":"standard","meta":{"advanced_seo_description":"","jetpack_seo_html_title":"","jetpack_seo_noindex":false,"_jetpack_memberships_contains_paid_content":false,"footnotes":"","jetpack_publicize_message":"","jetpack_publicize_feature_enabled":true,"jetpack_social_post_already_shared":true,"jetpack_social_options":{"image_generator_settings":{"template":"highway","default_image_id":0,"font":"","enabled":false},"version":2}},"categories":[21,3],"tags":[22,25],"class_list":["post-30487","post","type-post","status-publish","format-standard","has-post-thumbnail","hentry","category-aguascalientes","category-municipio-aguascalientes","tag-aguascalientes","tag-mpio-aguascalientes"],"jetpack_publicize_connections":[],"jetpack_featured_media_url":"https:\/\/i0.wp.com\/informativoelvalledeaguascalientes.online\/wp-content\/uploads\/2022\/05\/05-DE-MAYO-PRESENTACIOiN-EDITORIAL-SR.-GONZALEZ-CARRANZA-2022-scaled-1.jpg?fit=2487%2C2560&ssl=1","jetpack-related-posts":[],"jetpack_sharing_enabled":true,"jetpack_likes_enabled":true,"_links":{"self":[{"href":"https:\/\/informativoelvalledeaguascalientes.online\/index.php?rest_route=\/wp\/v2\/posts\/30487","targetHints":{"allow":["GET"]}}],"collection":[{"href":"https:\/\/informativoelvalledeaguascalientes.online\/index.php?rest_route=\/wp\/v2\/posts"}],"about":[{"href":"https:\/\/informativoelvalledeaguascalientes.online\/index.php?rest_route=\/wp\/v2\/types\/post"}],"author":[{"embeddable":true,"href":"https:\/\/informativoelvalledeaguascalientes.online\/index.php?rest_route=\/wp\/v2\/users\/1"}],"replies":[{"embeddable":true,"href":"https:\/\/informativoelvalledeaguascalientes.online\/index.php?rest_route=%2Fwp%2Fv2%2Fcomments&post=30487"}],"version-history":[{"count":1,"href":"https:\/\/informativoelvalledeaguascalientes.online\/index.php?rest_route=\/wp\/v2\/posts\/30487\/revisions"}],"predecessor-version":[{"id":30491,"href":"https:\/\/informativoelvalledeaguascalientes.online\/index.php?rest_route=\/wp\/v2\/posts\/30487\/revisions\/30491"}],"wp:featuredmedia":[{"embeddable":true,"href":"https:\/\/informativoelvalledeaguascalientes.online\/index.php?rest_route=\/wp\/v2\/media\/30489"}],"wp:attachment":[{"href":"https:\/\/informativoelvalledeaguascalientes.online\/index.php?rest_route=%2Fwp%2Fv2%2Fmedia&parent=30487"}],"wp:term":[{"taxonomy":"category","embeddable":true,"href":"https:\/\/informativoelvalledeaguascalientes.online\/index.php?rest_route=%2Fwp%2Fv2%2Fcategories&post=30487"},{"taxonomy":"post_tag","embeddable":true,"href":"https:\/\/informativoelvalledeaguascalientes.online\/index.php?rest_route=%2Fwp%2Fv2%2Ftags&post=30487"}],"curies":[{"name":"wp","href":"https:\/\/api.w.org\/{rel}","templated":true}]}}