{"id":30485,"date":"2022-05-04T21:45:09","date_gmt":"2022-05-05T03:45:09","guid":{"rendered":"https:\/\/informativoelvalledeaguascalientes.online\/?p=30485"},"modified":"2022-05-04T21:45:09","modified_gmt":"2022-05-05T03:45:09","slug":"%f0%9d%97%a6%f0%9d%97%b2-%f0%9d%97%ae%f0%9d%98%81%f0%9d%97%b6%f0%9d%97%b2%f0%9d%97%bb%f0%9d%97%b1%f0%9d%97%b2-%f0%9d%97%bf%f0%9d%97%b2%f0%9d%97%bd%f0%9d%97%bc%f0%9d%97%bf%f0%9d%98%81%f0%9d%97%b2-10","status":"publish","type":"post","link":"https:\/\/informativoelvalledeaguascalientes.online\/?p=30485","title":{"rendered":"\ud835\udde6\ud835\uddf2 \ud835\uddee\ud835\ude01\ud835\uddf6\ud835\uddf2\ud835\uddfb\ud835\uddf1\ud835\uddf2 \ud835\uddff\ud835\uddf2\ud835\uddfd\ud835\uddfc\ud835\uddff\ud835\ude01\ud835\uddf2 \ud835\uddf1\ud835\uddf2 \ud835\ude02\ud835\uddfb\ud835\uddee \ud835\uddfd\ud835\uddf2\ud835\uddff\ud835\ude00\ud835\uddfc\ud835\uddfb\ud835\uddee \ud835\uddf3\ud835\uddee\ud835\uddf9\ud835\uddf9\ud835\uddf2\ud835\uddf0\ud835\uddf6\ud835\uddf1\ud835\uddee \ud835\ude06 \ud835\uddfc\ud835\ude01\ud835\uddff\ud835\uddee \ud835\uddf9\ud835\uddf2\ud835\ude00\ud835\uddf6\ud835\uddfc\ud835\uddfb\ud835\uddee\ud835\uddf1\ud835\uddee \ud835\uddfd\ud835\uddfc\ud835\uddff \ud835\uddee\ud835\uddff\ud835\uddfa\ud835\uddee \ud835\uddf1\ud835\uddf2 \ud835\uddf3\ud835\ude02\ud835\uddf2\ud835\uddf4\ud835\uddfc"},"content":{"rendered":"<p><strong>#informativoelvalledeaguascalientes , #novaradioaguascalientes<br \/>\n<\/strong><\/p>\n<p>Elementos de la Secretar\u00eda de Seguridad P\u00fablica del Estado, de la Polic\u00eda Municipal de Calvillo y param\u00e9dicos del ISSEA, atendieron el reporte de dos personas lesionadas por proyectil de arma de fuego, una de las cuales perdi\u00f3 la vida y la otra result\u00f3 lesionada.<br \/>\nLos hechos se registraron alrededor de las 20:34 horas, cuando en el Servicio de Emergencia 911 se recibi\u00f3 el reporte que en Arroyo de los caballos en la colonia Esperanza, en la comunidad Temazcal en el municipio de Calvillo hab\u00eda dos personas agredidas por arma de fuego.<br \/>\nEn ese momento los oficiales estatales, municipales y los t\u00e9cnicos en urgencias m\u00e9dicas se trasladaron al lugar, donde se encontraron con las personas agredidas.<br \/>\nAnte esto, les brindaron los primeros auxilios y confirmaron que uno de ellos, de nombre Margarito Calder\u00f3n, de 40 a\u00f1os de edad aproximadamente, ya no contaba con signos vitales, tras sufrir una herida en el cr\u00e1neo.<br \/>\nEn tanto que el segundo, identificado como Jos\u00e9 Luis, de 48 a\u00f1os de edad, presentaba una herida por proyectil de arma de fuego en la pierna izquierda en sedal, por lo cual, tras ser atendido en el lugar, se neg\u00f3 a ser trasladado a un Hospital.<br \/>\nAl ser cuestionado, se\u00f1al\u00f3 que los agresores, eran dos sujetos que hab\u00edan llegado minutos antes en un veh\u00edculo tipo sed\u00e1n color gris y tras el ataque se hab\u00edan dado a la fuga en el mismo autom\u00f3vil, por lo que se acordon\u00f3 la zona y se solicit\u00f3 la presencia del personal de Servicios Periciales, quienes se encargaron de trasladar el cuerpo de la persona fallecida a las instalaciones del SEMEFO.<br \/>\n*Foto de archivo.<\/p>\n<p>#\ud835\udc13\ud835\udc2e\ud835\udc12\ud835\udc1e\ud835\udc20\ud835\udc2e\ud835\udc2b\ud835\udc22\ud835\udc1d\ud835\udc1a\ud835\udc1d\ud835\udc0d\ud835\udc2e\ud835\udc1e\ud835\udc2c\ud835\udc2d\ud835\udc2b\ud835\udc1a\ud835\udc0c\ud835\udc22\ud835\udc2c\ud835\udc22\ud835\udc28\ud835\udc27\ud835\udc13\ud835\udc2e\ud835\udc0c\ud835\udc22\ud835\udc2c\ud835\udc22\ud835\udc28\u0301\ud835\udc27\ud835\udc0b\ud835\udc1a\ud835\udc0f\ud835\udc2b\ud835\udc1e\ud835\udc2f\ud835\udc1e\ud835\udc27\ud835\udc1c\ud835\udc22\ud835\udc28\u0301\ud835\udc27<\/p>\n","protected":false},"excerpt":{"rendered":"<p>#informativoelvalledeaguascalientes , #novaradioaguascalientes Elementos de la Secretar\u00eda de Seguridad P\u00fablica del Estado, de la Polic\u00eda Municipal de Calvillo y param\u00e9dicos del ISSEA, atendieron el reporte de dos personas lesionadas por proyectil de arma de fuego, una de las cuales perdi\u00f3 la vida y la otra result\u00f3 lesionada. Los hechos se registraron alrededor de las 20:34 [&hellip;]<\/p>\n","protected":false},"author":1,"featured_media":30486,"comment_status":"closed","ping_status":"open","sticky":false,"template":"","format":"standard","meta":{"advanced_seo_description":"","jetpack_seo_html_title":"","jetpack_seo_noindex":false,"_jetpack_memberships_contains_paid_content":false,"footnotes":"","jetpack_publicize_message":"","jetpack_publicize_feature_enabled":true,"jetpack_social_post_already_shared":true,"jetpack_social_options":{"image_generator_settings":{"template":"highway","default_image_id":0,"font":"","enabled":false},"version":2}},"categories":[21,13],"tags":[22,88,29],"class_list":["post-30485","post","type-post","status-publish","format-standard","has-post-thumbnail","hentry","category-aguascalientes","category-calvillo-aguascalientes","tag-aguascalientes","tag-calvillo","tag-calvillo-aguascalientes"],"jetpack_publicize_connections":[],"jetpack_featured_media_url":"https:\/\/i0.wp.com\/informativoelvalledeaguascalientes.online\/wp-content\/uploads\/2022\/05\/d8dedb83-e06f-4f43-8856-118b942a37be.jpg?fit=1600%2C757&ssl=1","jetpack-related-posts":[],"jetpack_sharing_enabled":true,"jetpack_likes_enabled":true,"_links":{"self":[{"href":"https:\/\/informativoelvalledeaguascalientes.online\/index.php?rest_route=\/wp\/v2\/posts\/30485","targetHints":{"allow":["GET"]}}],"collection":[{"href":"https:\/\/informativoelvalledeaguascalientes.online\/index.php?rest_route=\/wp\/v2\/posts"}],"about":[{"href":"https:\/\/informativoelvalledeaguascalientes.online\/index.php?rest_route=\/wp\/v2\/types\/post"}],"author":[{"embeddable":true,"href":"https:\/\/informativoelvalledeaguascalientes.online\/index.php?rest_route=\/wp\/v2\/users\/1"}],"replies":[{"embeddable":true,"href":"https:\/\/informativoelvalledeaguascalientes.online\/index.php?rest_route=%2Fwp%2Fv2%2Fcomments&post=30485"}],"version-history":[{"count":1,"href":"https:\/\/informativoelvalledeaguascalientes.online\/index.php?rest_route=\/wp\/v2\/posts\/30485\/revisions"}],"predecessor-version":[{"id":30488,"href":"https:\/\/informativoelvalledeaguascalientes.online\/index.php?rest_route=\/wp\/v2\/posts\/30485\/revisions\/30488"}],"wp:featuredmedia":[{"embeddable":true,"href":"https:\/\/informativoelvalledeaguascalientes.online\/index.php?rest_route=\/wp\/v2\/media\/30486"}],"wp:attachment":[{"href":"https:\/\/informativoelvalledeaguascalientes.online\/index.php?rest_route=%2Fwp%2Fv2%2Fmedia&parent=30485"}],"wp:term":[{"taxonomy":"category","embeddable":true,"href":"https:\/\/informativoelvalledeaguascalientes.online\/index.php?rest_route=%2Fwp%2Fv2%2Fcategories&post=30485"},{"taxonomy":"post_tag","embeddable":true,"href":"https:\/\/informativoelvalledeaguascalientes.online\/index.php?rest_route=%2Fwp%2Fv2%2Ftags&post=30485"}],"curies":[{"name":"wp","href":"https:\/\/api.w.org\/{rel}","templated":true}]}}