{"id":3045,"date":"2020-02-17T21:37:01","date_gmt":"2020-02-18T03:37:01","guid":{"rendered":"https:\/\/informativoelvalledeaguascalientes.online\/?p=3045"},"modified":"2020-02-17T21:37:01","modified_gmt":"2020-02-18T03:37:01","slug":"violencia-contra-las-mujeres-tambien-esta-presente-en-aguascalientes-fernando-herrera","status":"publish","type":"post","link":"https:\/\/informativoelvalledeaguascalientes.online\/?p=3045","title":{"rendered":"VIOLENCIA CONTRA LAS MUJERES TAMBI\u00c9N EST\u00c1 PRESENTE EN AGUASCALIENTES: FERNANDO HERRERA"},"content":{"rendered":"<ul>\n<li style=\"font-weight: 400;\">Lejos de lo que opina el presidente L\u00f3pez Obrador, s\u00ed es un tema de la mayor relevancia.<\/li>\n<\/ul>\n<p style=\"font-weight: 400;\">\n<ul>\n<li style=\"font-weight: 400;\">En Aguascalientes, siete de cada diez mujeres han sido v\u00edctimas de un episodio de violencia.<\/li>\n<\/ul>\n<p style=\"font-weight: 400;\"><strong>\u00a0<\/strong><\/p>\n<p style=\"font-weight: 400;\">Fernando Herrera, vocero del Comit\u00e9 Ejecutivo Nacional del PAN, asever\u00f3 que la violencia contra las mujeres, lejos de lo que opina el Presidente L\u00f3pez Obrador, s\u00ed es un tema de la mayor relevancia y debe llamar la atenci\u00f3n de las autoridades de todos los niveles de gobierno.<\/p>\n<p style=\"font-weight: 400;\">\n<p style=\"font-weight: 400;\">Al mismo tiempo reconoci\u00f3 que tambi\u00e9n es una situaci\u00f3n que lastima a las aguascalentenses y que amerita ser tratada como prioridad.<\/p>\n<p style=\"font-weight: 400;\">\n<p style=\"font-weight: 400;\">Destac\u00f3 que si bien en Aguascalientes no existe un fen\u00f3meno de feminicidios como el que se vive en otras entidades del pa\u00eds, de acuerdo con la Encuesta Nacional sobre la Din\u00e1mica de las Relaciones en los Hogares (ENDIREH) del INEGI, siete de cada diez mujeres mayores de 15 a\u00f1os en la entidad han enfrentado un episodio de violencia.<\/p>\n<p style=\"font-weight: 400;\">\n<p style=\"font-weight: 400;\">Lo anterior, dijo, es una se\u00f1al de alerta que debe atenderse de inmediato, con sensibilidad y con un alto sentido de responsabilidad y justicia.<\/p>\n<p style=\"font-weight: 400;\">\n<p style=\"font-weight: 400;\">Herrera \u00c1vila detall\u00f3 que de acuerdo con datos del Secretariado Ejecutivo del Sistema Nacional de Seguridad P\u00fablica del 2018, a pesar de que las cifras de feminicidios en la entidad se encuentran muy por debajo de la media nacional, Aguascalientes es uno de las entidades donde m\u00e1s llamadas de auxilio se realizan.<\/p>\n<p style=\"font-weight: 400;\">\n<p style=\"font-weight: 400;\">Sin embargo, precis\u00f3, la cifra de denuncias ante la autoridad competente es muy baja, debido al miedo que prevalece.<\/p>\n<p style=\"font-weight: 400;\">\n<p style=\"font-weight: 400;\">\u201cHay que decirlo con todas sus letras, la violencia tambi\u00e9n est\u00e1 lastimando a las aguascalentenses. Yo soy padre de dos mujeres y entiendo el sentir, el miedo y la ira que est\u00e1 provocando esta situaci\u00f3n\u201d.<\/p>\n<p style=\"font-weight: 400;\">\n<p style=\"font-weight: 400;\">El aguascalentense critic\u00f3 tambi\u00e9n el desd\u00e9n expresado por el titular del Ejecutivo hace unos d\u00edas, frente a esta problem\u00e1tica, para quien, dijo: \u201cahora resulta que es m\u00e1s importante la rifa del avi\u00f3n presidencial que la vida de las personas\u201d.<\/p>\n<p style=\"font-weight: 400;\">\n<p style=\"font-weight: 400;\">\u201cEse es el nivel de pol\u00edtica y decisiones que se profiere desde la Presidencia de la Rep\u00fablica, la indiferencia y la falta de compromiso. El feminicidio no es un tema m\u00e1s, es un tema que lastima y que se ha convertido en una gran deuda social\u201d, apunt\u00f3.<\/p>\n<p style=\"font-weight: 400;\">\n<p style=\"font-weight: 400;\">\u201cEs una situaci\u00f3n de sentido com\u00fan, de cuidar la vida, de garantizar justicia para las mujeres que han sido v\u00edctimas de esta situaci\u00f3n y de trabajar tambi\u00e9n en soluciones que nos permitan procurar su integridad\u201d, se\u00f1al\u00f3.<\/p>\n","protected":false},"excerpt":{"rendered":"<p>Lejos de lo que opina el presidente L\u00f3pez Obrador, s\u00ed es un tema de la mayor relevancia. En Aguascalientes, siete de cada diez mujeres han sido v\u00edctimas de un episodio de violencia. \u00a0 Fernando Herrera, vocero del Comit\u00e9 Ejecutivo Nacional del PAN, asever\u00f3 que la violencia contra las mujeres, lejos de lo que opina el [&hellip;]<\/p>\n","protected":false},"author":1,"featured_media":3046,"comment_status":"closed","ping_status":"open","sticky":false,"template":"","format":"standard","meta":{"advanced_seo_description":"","jetpack_seo_html_title":"","jetpack_seo_noindex":false,"_jetpack_memberships_contains_paid_content":false,"footnotes":"","jetpack_publicize_message":"","jetpack_publicize_feature_enabled":true,"jetpack_social_post_already_shared":true,"jetpack_social_options":{"image_generator_settings":{"template":"highway","default_image_id":0,"font":"","enabled":false},"version":2}},"categories":[21,19,7,6],"tags":[22,74,23],"class_list":["post-3045","post","type-post","status-publish","format-standard","has-post-thumbnail","hentry","category-aguascalientes","category-informacion-general","category-pan-aguascalientes","category-partidos-politicos","tag-aguascalientes","tag-fernando-herrera","tag-pan-aguascalientes"],"jetpack_publicize_connections":[],"jetpack_featured_media_url":"https:\/\/i0.wp.com\/informativoelvalledeaguascalientes.online\/wp-content\/uploads\/2020\/02\/fha_17022020.jpg?fit=949%2C631&ssl=1","jetpack-related-posts":[],"jetpack_sharing_enabled":true,"jetpack_likes_enabled":true,"_links":{"self":[{"href":"https:\/\/informativoelvalledeaguascalientes.online\/index.php?rest_route=\/wp\/v2\/posts\/3045","targetHints":{"allow":["GET"]}}],"collection":[{"href":"https:\/\/informativoelvalledeaguascalientes.online\/index.php?rest_route=\/wp\/v2\/posts"}],"about":[{"href":"https:\/\/informativoelvalledeaguascalientes.online\/index.php?rest_route=\/wp\/v2\/types\/post"}],"author":[{"embeddable":true,"href":"https:\/\/informativoelvalledeaguascalientes.online\/index.php?rest_route=\/wp\/v2\/users\/1"}],"replies":[{"embeddable":true,"href":"https:\/\/informativoelvalledeaguascalientes.online\/index.php?rest_route=%2Fwp%2Fv2%2Fcomments&post=3045"}],"version-history":[{"count":1,"href":"https:\/\/informativoelvalledeaguascalientes.online\/index.php?rest_route=\/wp\/v2\/posts\/3045\/revisions"}],"predecessor-version":[{"id":3047,"href":"https:\/\/informativoelvalledeaguascalientes.online\/index.php?rest_route=\/wp\/v2\/posts\/3045\/revisions\/3047"}],"wp:featuredmedia":[{"embeddable":true,"href":"https:\/\/informativoelvalledeaguascalientes.online\/index.php?rest_route=\/wp\/v2\/media\/3046"}],"wp:attachment":[{"href":"https:\/\/informativoelvalledeaguascalientes.online\/index.php?rest_route=%2Fwp%2Fv2%2Fmedia&parent=3045"}],"wp:term":[{"taxonomy":"category","embeddable":true,"href":"https:\/\/informativoelvalledeaguascalientes.online\/index.php?rest_route=%2Fwp%2Fv2%2Fcategories&post=3045"},{"taxonomy":"post_tag","embeddable":true,"href":"https:\/\/informativoelvalledeaguascalientes.online\/index.php?rest_route=%2Fwp%2Fv2%2Ftags&post=3045"}],"curies":[{"name":"wp","href":"https:\/\/api.w.org\/{rel}","templated":true}]}}