{"id":30411,"date":"2022-05-02T23:36:58","date_gmt":"2022-05-03T05:36:58","guid":{"rendered":"https:\/\/informativoelvalledeaguascalientes.online\/?p=30411"},"modified":"2022-05-02T23:36:58","modified_gmt":"2022-05-03T05:36:58","slug":"en-alianza-con-ambientalistas-luchara-tere-jimenez-por-un-aguascalientes-sustentable","status":"publish","type":"post","link":"https:\/\/informativoelvalledeaguascalientes.online\/?p=30411","title":{"rendered":"EN ALIANZA CON AMBIENTALISTAS LUCHAR\u00c1 TERE JIM\u00c9NEZ POR UN AGUASCALIENTES SUSTENTABLE"},"content":{"rendered":"<p><strong>#informativoelvalledeaguascalientes , #novaradioaguascalientes<br \/>\n<\/strong><\/p>\n<p>\u2022 Reforestaci\u00f3n tendr\u00e1 dimensiones hist\u00f3ricas durante su administraci\u00f3n<\/p>\n<p>\u2022 Todas las oficinas p\u00fablicas del estado utilizar\u00e1n luz solar y los veh\u00edculos oficiales cambiar\u00e1n de gasolina a gas<\/p>\n<p>\u2022 Se pondr\u00e1 en marcha el Programa de Equipamiento Urbano Integral gracias a las aportaciones, conocimiento y experiencias de los expertos<\/p>\n<p>Tere Jim\u00e9nez celebr\u00f3 la firma de un acuerdo en el que se compromete al cuidado del medio ambiente. La candidata a la gubernatura de Aguascalientes se\u00f1al\u00f3 que es un deber de las actuales administraciones garantizar pol\u00edticas de desarrollo sostenibles, pensando en las generaciones del ma\u00f1ana y en la necesidad de cuidar recursos no renovables.<\/p>\n<p>\u201cLa tarea es desafiante y nos necesita a todas y todos. Es tiempo de que seamos protagonistas de un nuevo modelo de crecimiento con equilibrio, de un crecimiento sostenible que ser\u00e1 decisivo en nuestra historia estatal\u2026 por eso hoy firmamos esta alianza fundamental a favor del medio ambiente. Estamos convocadas todas y todos, no tenemos derecho a fallar, el tiempo se est\u00e1 agotando, lleg\u00f3 la hora de actuar\u201d, explic\u00f3.<\/p>\n<p>Se\u00f1al\u00f3 que los importantes proyectos de su gesti\u00f3n contemplar\u00e1n el rescate del R\u00edo San Pedro para la conformaci\u00f3n del Parque Central Metropolitano, sum\u00e1ndose a otras \u00e1reas que recibir\u00e1n especial atenci\u00f3n mediante la Agencia Metropolitana de Parques y Bosques Urbanos, encargada de la rehabilitaci\u00f3n integral y protecci\u00f3n de espacios arbolados en el estado.<\/p>\n<p>Se planea, en una primera fase, la rehabilitaci\u00f3n integral del Bosque Urbano del Cerrito de la Cruz, el del Corredor Tres Centurias y el Rodolfo Landeros Gallegos, donde se llevar\u00e1n a cabo labores de reforestaci\u00f3n con especies end\u00e9micas del estado.<\/p>\n<p>Tere Jim\u00e9nez se\u00f1al\u00f3 que la reforestaci\u00f3n tendr\u00e1 dimensiones hist\u00f3ricas. Asimismo, se fomentar\u00e1 el saneamiento de los ecosistemas y el rescat\u00e9 del suelo para una mejor captaci\u00f3n del agua.<\/p>\n<p>Su administraci\u00f3n tomar\u00e1 medidas para reducir la explotaci\u00f3n de los mantos fre\u00e1ticos, fomentando el uso de agua tratada en riego de jardines, en la industria de la construcci\u00f3n y otros rubros que por ahora utilizan agua potable. Para ello, se rehabilitar\u00e1n las plantas tratadoras de agua, ya que actualmente \u00fanicamente funcionan 4 de las 26 existentes.<\/p>\n<p>Posteriormente, se desarrollar\u00e1 el proyecto integral de L\u00edneas Moradas, con el que habr\u00e1 de distribuirse este l\u00edquido. La candidata a la gubernatura de la coalici\u00f3n \u201cVa Por Aguascalientes\u201d dijo que la firma de esta alianza se lleva a cabo para contar con la asesor\u00eda de los especialistas en medio ambiente, en el tema de desarrollo urbano sustentable y sostenible.<\/p>\n<p>\u201cPondremos en marcha el Programa de Equipamiento Urbano Integral gracias a las aportaciones, conocimiento y experiencias de los expertos con los que firmamos esta alianza. Los futuros desarrollos urbanos en el estado deber\u00e1n realizarse con una visi\u00f3n incluyente e integral, con vegetaci\u00f3n activa y end\u00e9mica y contemplando el re\u00faso inteligente del agua y la separaci\u00f3n de la basura.\u201d<\/p>\n<p>Asimismo, la candidata se\u00f1al\u00f3 que su gesti\u00f3n ser\u00e1 ejemplo en el manejo de energ\u00edas limpias. \u201cVamos a fomentar el uso de energ\u00edas limpias en nuestro estado, impulsaremos la instalaci\u00f3n de paneles solares en comercios y hogares. El gobierno ser\u00e1 el primero en poner el ejemplo, pues todas las oficinas p\u00fablicas del estado utilizar\u00e1n luz solar y los veh\u00edculos oficiales cambiar\u00e1n de gasolina a gas para reducir las emisiones de carbono. Nosotros le apostamos a las energ\u00edas limpias.\u201d<\/p>\n<p>Tere Jim\u00e9nez contempla tambi\u00e9n, para su administraci\u00f3n, la limpieza de arroyos y r\u00edos, conform\u00e1ndose un programa de empleo temporal para tal fin. Hizo un llamado a todas y todos a sumarse a este importante proyecto, pues el pacto que hoy se firma es por un mejor futuro para las nuevas generaciones. \u201cEsta es una alianza por nuestros ni\u00f1os, ni\u00f1as y todo el planeta\u2026 es una alianza por las generaciones de hoy y de ma\u00f1ana\u201d, finaliz\u00f3.<\/p>\n","protected":false},"excerpt":{"rendered":"<p>#informativoelvalledeaguascalientes , #novaradioaguascalientes \u2022 Reforestaci\u00f3n tendr\u00e1 dimensiones hist\u00f3ricas durante su administraci\u00f3n \u2022 Todas las oficinas p\u00fablicas del estado utilizar\u00e1n luz solar y los veh\u00edculos oficiales cambiar\u00e1n de gasolina a gas \u2022 Se pondr\u00e1 en marcha el Programa de Equipamiento Urbano Integral gracias a las aportaciones, conocimiento y experiencias de los expertos Tere Jim\u00e9nez celebr\u00f3 la [&hellip;]<\/p>\n","protected":false},"author":1,"featured_media":30412,"comment_status":"closed","ping_status":"open","sticky":false,"template":"","format":"standard","meta":{"advanced_seo_description":"","jetpack_seo_html_title":"","jetpack_seo_noindex":false,"_jetpack_memberships_contains_paid_content":false,"footnotes":"","jetpack_publicize_message":"","jetpack_publicize_feature_enabled":true,"jetpack_social_post_already_shared":true,"jetpack_social_options":{"image_generator_settings":{"template":"highway","default_image_id":0,"font":"","enabled":false},"version":2}},"categories":[21,7],"tags":[22,23,43,320],"class_list":["post-30411","post","type-post","status-publish","format-standard","has-post-thumbnail","hentry","category-aguascalientes","category-pan-aguascalientes","tag-aguascalientes","tag-pan-aguascalientes","tag-pan-aguascalientes-cde","tag-tere-jimenez"],"jetpack_publicize_connections":[],"jetpack_featured_media_url":"https:\/\/i0.wp.com\/informativoelvalledeaguascalientes.online\/wp-content\/uploads\/2022\/05\/8d3eabe2-0038-4e74-98f5-e164685b13c2.jpg?fit=1600%2C1066&ssl=1","jetpack-related-posts":[],"jetpack_sharing_enabled":true,"jetpack_likes_enabled":true,"_links":{"self":[{"href":"https:\/\/informativoelvalledeaguascalientes.online\/index.php?rest_route=\/wp\/v2\/posts\/30411","targetHints":{"allow":["GET"]}}],"collection":[{"href":"https:\/\/informativoelvalledeaguascalientes.online\/index.php?rest_route=\/wp\/v2\/posts"}],"about":[{"href":"https:\/\/informativoelvalledeaguascalientes.online\/index.php?rest_route=\/wp\/v2\/types\/post"}],"author":[{"embeddable":true,"href":"https:\/\/informativoelvalledeaguascalientes.online\/index.php?rest_route=\/wp\/v2\/users\/1"}],"replies":[{"embeddable":true,"href":"https:\/\/informativoelvalledeaguascalientes.online\/index.php?rest_route=%2Fwp%2Fv2%2Fcomments&post=30411"}],"version-history":[{"count":1,"href":"https:\/\/informativoelvalledeaguascalientes.online\/index.php?rest_route=\/wp\/v2\/posts\/30411\/revisions"}],"predecessor-version":[{"id":30413,"href":"https:\/\/informativoelvalledeaguascalientes.online\/index.php?rest_route=\/wp\/v2\/posts\/30411\/revisions\/30413"}],"wp:featuredmedia":[{"embeddable":true,"href":"https:\/\/informativoelvalledeaguascalientes.online\/index.php?rest_route=\/wp\/v2\/media\/30412"}],"wp:attachment":[{"href":"https:\/\/informativoelvalledeaguascalientes.online\/index.php?rest_route=%2Fwp%2Fv2%2Fmedia&parent=30411"}],"wp:term":[{"taxonomy":"category","embeddable":true,"href":"https:\/\/informativoelvalledeaguascalientes.online\/index.php?rest_route=%2Fwp%2Fv2%2Fcategories&post=30411"},{"taxonomy":"post_tag","embeddable":true,"href":"https:\/\/informativoelvalledeaguascalientes.online\/index.php?rest_route=%2Fwp%2Fv2%2Ftags&post=30411"}],"curies":[{"name":"wp","href":"https:\/\/api.w.org\/{rel}","templated":true}]}}