{"id":30410,"date":"2022-05-02T23:48:37","date_gmt":"2022-05-03T05:48:37","guid":{"rendered":"https:\/\/informativoelvalledeaguascalientes.online\/?p=30410"},"modified":"2022-05-02T23:48:37","modified_gmt":"2022-05-03T05:48:37","slug":"sostienen-reunion-en-mesa-politica-miembros-de-la-coalicion-pan-pri-prd","status":"publish","type":"post","link":"https:\/\/informativoelvalledeaguascalientes.online\/?p=30410","title":{"rendered":"SOSTIENEN REUNI\u00d3N EN MESA POL\u00cdTICA MIEMBROS DE LA COALICI\u00d3N PAN PRI PRD"},"content":{"rendered":"<p><strong>#informativoelvalledeaguascalientes , #novaradioaguascalientes<\/strong><\/p>\n<p>&nbsp;<\/p>\n<ul>\n<li><strong>TERE JIM\u00c9NEZ HA ENCABEZADO CADA UNA DE LAS ENCUESTAS REALIZADAS RUMBO A LA GUBERNATURA<\/strong><\/li>\n<li><strong>ACUERDAN CONTINUAR POR LA RUTA TRAZADA ALEJ\u00c1NDOSE DE LAS DENOSTACIONES Y CAMPA\u00d1AS NEGRAS<\/strong><\/li>\n<\/ul>\n<p>Con la finalidad de observar y evaluar el trabajo realizado durante la campa\u00f1a rumbo a la gubernatura del estado, encabezada por la candidata de la Coalici\u00f3n Va por Aguascalientes, se reunieron los representantes estatales de los partidos que la conforman Javier Lu\u00e9vano N\u00fa\u00f1ez del PAN, Iv\u00e1n S\u00e1nchez N\u00e1jera del PRD y Antonio Lugo Morales del PRI.<\/p>\n<p>En esta mesa pol\u00edtica estuvieron presentes tambi\u00e9n Armando Tejeda, Secretario de Elecciones del Comit\u00e9 Directivo Nacional del PAN, Rub\u00e9n Moreira y Luis \u00c1ngel Espinoza Ch\u00e1zaro, coordinadores de los grupos parlamentarios en la C\u00e1mara de Diputados del PRI y PRD respectivamente.<\/p>\n<p>Ante los liderazgos de la coalici\u00f3n y responsables de distintas tareas durante la contienda, el coordinador de campa\u00f1a, Alfredo Cervantes, present\u00f3 los avances y puntualiz\u00f3 que los n\u00fameros favorecen desde el inicio a la candidata Tere Jim\u00e9nez.<\/p>\n<p>Destac\u00f3 adem\u00e1s de las cifras, la ruta de la campa\u00f1a, que se ha distinguido por las propuestas y alianzas con los grupos de la sociedad organizada y sin duda por la nutrida participaci\u00f3n de ciudadanas y ciudadanos que han manifestado su apoyo por la abanderada de la coalici\u00f3n.<\/p>\n<p>Cada uno de los presentes sostuvo el acuerdo de continuar por la ruta trazada, adem\u00e1s de reforzar el Plan de Gobierno de Tere Jim\u00e9nez con las ideas y solicitudes que la ciudadan\u00eda presenta a la candidata en cada uno de los puntos de reuni\u00f3n en colonias y comunidades de la entidad, as\u00ed como con los sectores con los que ha signado alianzas.<\/p>\n<p>A manera de conclusi\u00f3n y por unanimidad los representantes de cada uno de los partidos se manifestaron a favor de cerrar filas y alejarse de las denostaciones y campa\u00f1as negras s\u00f3lo enrarecen el clima pol\u00edtico adem\u00e1s de resultar contraproducente para quienes emiten mensajes err\u00f3neos y sin sustento de ning\u00fan tipo.<\/p>\n<p>&nbsp;<\/p>\n<p>&nbsp;<\/p>\n","protected":false},"excerpt":{"rendered":"<p>#informativoelvalledeaguascalientes , #novaradioaguascalientes &nbsp; TERE JIM\u00c9NEZ HA ENCABEZADO CADA UNA DE LAS ENCUESTAS REALIZADAS RUMBO A LA GUBERNATURA ACUERDAN CONTINUAR POR LA RUTA TRAZADA ALEJ\u00c1NDOSE DE LAS DENOSTACIONES Y CAMPA\u00d1AS NEGRAS Con la finalidad de observar y evaluar el trabajo realizado durante la campa\u00f1a rumbo a la gubernatura del estado, encabezada por la candidata de [&hellip;]<\/p>\n","protected":false},"author":1,"featured_media":30417,"comment_status":"closed","ping_status":"open","sticky":false,"template":"","format":"standard","meta":{"advanced_seo_description":"","jetpack_seo_html_title":"","jetpack_seo_noindex":false,"_jetpack_memberships_contains_paid_content":false,"footnotes":"","jetpack_publicize_message":"","jetpack_publicize_feature_enabled":true,"jetpack_social_post_already_shared":true,"jetpack_social_options":{"image_generator_settings":{"template":"highway","default_image_id":0,"font":"","enabled":false},"version":2}},"categories":[21,7],"tags":[22,23,91,33],"class_list":["post-30410","post","type-post","status-publish","format-standard","has-post-thumbnail","hentry","category-aguascalientes","category-pan-aguascalientes","tag-aguascalientes","tag-pan-aguascalientes","tag-pri-aguascalientes","tag-pri-aguascalientes-cde"],"jetpack_publicize_connections":[],"jetpack_featured_media_url":"https:\/\/i0.wp.com\/informativoelvalledeaguascalientes.online\/wp-content\/uploads\/2022\/05\/4f223981-d129-4a1c-94f5-4eb9f1169569.jpg?fit=1600%2C1066&ssl=1","jetpack-related-posts":[],"jetpack_sharing_enabled":true,"jetpack_likes_enabled":true,"_links":{"self":[{"href":"https:\/\/informativoelvalledeaguascalientes.online\/index.php?rest_route=\/wp\/v2\/posts\/30410","targetHints":{"allow":["GET"]}}],"collection":[{"href":"https:\/\/informativoelvalledeaguascalientes.online\/index.php?rest_route=\/wp\/v2\/posts"}],"about":[{"href":"https:\/\/informativoelvalledeaguascalientes.online\/index.php?rest_route=\/wp\/v2\/types\/post"}],"author":[{"embeddable":true,"href":"https:\/\/informativoelvalledeaguascalientes.online\/index.php?rest_route=\/wp\/v2\/users\/1"}],"replies":[{"embeddable":true,"href":"https:\/\/informativoelvalledeaguascalientes.online\/index.php?rest_route=%2Fwp%2Fv2%2Fcomments&post=30410"}],"version-history":[{"count":1,"href":"https:\/\/informativoelvalledeaguascalientes.online\/index.php?rest_route=\/wp\/v2\/posts\/30410\/revisions"}],"predecessor-version":[{"id":30419,"href":"https:\/\/informativoelvalledeaguascalientes.online\/index.php?rest_route=\/wp\/v2\/posts\/30410\/revisions\/30419"}],"wp:featuredmedia":[{"embeddable":true,"href":"https:\/\/informativoelvalledeaguascalientes.online\/index.php?rest_route=\/wp\/v2\/media\/30417"}],"wp:attachment":[{"href":"https:\/\/informativoelvalledeaguascalientes.online\/index.php?rest_route=%2Fwp%2Fv2%2Fmedia&parent=30410"}],"wp:term":[{"taxonomy":"category","embeddable":true,"href":"https:\/\/informativoelvalledeaguascalientes.online\/index.php?rest_route=%2Fwp%2Fv2%2Fcategories&post=30410"},{"taxonomy":"post_tag","embeddable":true,"href":"https:\/\/informativoelvalledeaguascalientes.online\/index.php?rest_route=%2Fwp%2Fv2%2Ftags&post=30410"}],"curies":[{"name":"wp","href":"https:\/\/api.w.org\/{rel}","templated":true}]}}