{"id":30405,"date":"2022-05-02T23:31:27","date_gmt":"2022-05-03T05:31:27","guid":{"rendered":"https:\/\/informativoelvalledeaguascalientes.online\/?p=30405"},"modified":"2022-05-02T23:32:31","modified_gmt":"2022-05-03T05:32:31","slug":"donde-haya-un-aguascalentense-estaremos-para-apoyarlo-tere-jimenez","status":"publish","type":"post","link":"https:\/\/informativoelvalledeaguascalientes.online\/?p=30405","title":{"rendered":"\u201cDONDE HAYA UN AGUASCALENTENSE, ESTAREMOS PARA APOYARLO\u201d: TERE JIM\u00c9NEZ"},"content":{"rendered":"<p><strong>#informativoelvalledeaguascalientes , #novaradioaguascalientes<\/strong><\/p>\n<p>Durante su gira por comunidades de Calvillo, la candidata a la gubernatura de Aguascalientes escuch\u00f3 a la poblaci\u00f3n de este municipio. Le externaron la esperanza de que pueda concretar propuestas de especial inter\u00e9s para las familias de estas zonas, como es el caso del programa \u201cReencontrando Corazones\u201d, ya que hay quienes tienen m\u00e1s de diez a\u00f1os sin ver a sus familiares que radican en Estados Unidos.<\/p>\n<p>La candidata se comprometi\u00f3 a impulsar el reencuentro de estas familias y a apoyar a los migrantes con oficinas de atenci\u00f3n. \u201cDonde haya un aguascalentense, estaremos para apoyarlo\u201d, subray\u00f3 Tere Jim\u00e9nez.<\/p>\n<p>Campesinos manifestaron su inter\u00e9s por los seguros para el campo que proteger\u00e1n sus cosechas en caso de alg\u00fan siniestro. Aprovecharon tambi\u00e9n para hacerle saber que los ni\u00f1os de las comunidades est\u00e1n a la expectativa de los apoyos que promover\u00e1 su gesti\u00f3n respecto a la educaci\u00f3n y construcci\u00f3n de espacios p\u00fablicos para su sano desarrollo.<\/p>\n<p>La candidata se\u00f1al\u00f3 que, desde su gesti\u00f3n, se promover\u00e1n campa\u00f1as de detecci\u00f3n de padecimientos desde temprana edad, buscando diagn\u00f3sticos que permitan proporcionar tratamientos exitosos.<\/p>\n<p>Los calvillenses le dieron su total respaldo a la candidata, reconociendo la ardua labor que por a\u00f1os ha hecho en favor del Estado.<\/p>\n","protected":false},"excerpt":{"rendered":"<p>#informativoelvalledeaguascalientes , #novaradioaguascalientes Durante su gira por comunidades de Calvillo, la candidata a la gubernatura de Aguascalientes escuch\u00f3 a la poblaci\u00f3n de este municipio. Le externaron la esperanza de que pueda concretar propuestas de especial inter\u00e9s para las familias de estas zonas, como es el caso del programa \u201cReencontrando Corazones\u201d, ya que hay quienes tienen [&hellip;]<\/p>\n","protected":false},"author":1,"featured_media":30408,"comment_status":"closed","ping_status":"open","sticky":false,"template":"","format":"standard","meta":{"advanced_seo_description":"","jetpack_seo_html_title":"","jetpack_seo_noindex":false,"_jetpack_memberships_contains_paid_content":false,"footnotes":"","jetpack_publicize_message":"","jetpack_publicize_feature_enabled":true,"jetpack_social_post_already_shared":true,"jetpack_social_options":{"image_generator_settings":{"template":"highway","default_image_id":0,"font":"","enabled":false},"version":2}},"categories":[21,7],"tags":[22,23,43,320],"class_list":["post-30405","post","type-post","status-publish","format-standard","has-post-thumbnail","hentry","category-aguascalientes","category-pan-aguascalientes","tag-aguascalientes","tag-pan-aguascalientes","tag-pan-aguascalientes-cde","tag-tere-jimenez"],"jetpack_publicize_connections":[],"jetpack_featured_media_url":"https:\/\/i0.wp.com\/informativoelvalledeaguascalientes.online\/wp-content\/uploads\/2022\/05\/c0d44cd7-7cf8-4b81-873d-7eb9b71857c6.jpg?fit=1600%2C1066&ssl=1","jetpack-related-posts":[],"jetpack_sharing_enabled":true,"jetpack_likes_enabled":true,"_links":{"self":[{"href":"https:\/\/informativoelvalledeaguascalientes.online\/index.php?rest_route=\/wp\/v2\/posts\/30405","targetHints":{"allow":["GET"]}}],"collection":[{"href":"https:\/\/informativoelvalledeaguascalientes.online\/index.php?rest_route=\/wp\/v2\/posts"}],"about":[{"href":"https:\/\/informativoelvalledeaguascalientes.online\/index.php?rest_route=\/wp\/v2\/types\/post"}],"author":[{"embeddable":true,"href":"https:\/\/informativoelvalledeaguascalientes.online\/index.php?rest_route=\/wp\/v2\/users\/1"}],"replies":[{"embeddable":true,"href":"https:\/\/informativoelvalledeaguascalientes.online\/index.php?rest_route=%2Fwp%2Fv2%2Fcomments&post=30405"}],"version-history":[{"count":1,"href":"https:\/\/informativoelvalledeaguascalientes.online\/index.php?rest_route=\/wp\/v2\/posts\/30405\/revisions"}],"predecessor-version":[{"id":30409,"href":"https:\/\/informativoelvalledeaguascalientes.online\/index.php?rest_route=\/wp\/v2\/posts\/30405\/revisions\/30409"}],"wp:featuredmedia":[{"embeddable":true,"href":"https:\/\/informativoelvalledeaguascalientes.online\/index.php?rest_route=\/wp\/v2\/media\/30408"}],"wp:attachment":[{"href":"https:\/\/informativoelvalledeaguascalientes.online\/index.php?rest_route=%2Fwp%2Fv2%2Fmedia&parent=30405"}],"wp:term":[{"taxonomy":"category","embeddable":true,"href":"https:\/\/informativoelvalledeaguascalientes.online\/index.php?rest_route=%2Fwp%2Fv2%2Fcategories&post=30405"},{"taxonomy":"post_tag","embeddable":true,"href":"https:\/\/informativoelvalledeaguascalientes.online\/index.php?rest_route=%2Fwp%2Fv2%2Ftags&post=30405"}],"curies":[{"name":"wp","href":"https:\/\/api.w.org\/{rel}","templated":true}]}}