{"id":30402,"date":"2022-05-02T23:28:38","date_gmt":"2022-05-03T05:28:38","guid":{"rendered":"https:\/\/informativoelvalledeaguascalientes.online\/?p=30402"},"modified":"2022-05-02T23:28:38","modified_gmt":"2022-05-03T05:28:38","slug":"reconoce-tere-jimenez-a-los-trabajadores-por-ser-agentes-de-progreso","status":"publish","type":"post","link":"https:\/\/informativoelvalledeaguascalientes.online\/?p=30402","title":{"rendered":"RECONOCE TERE JIM\u00c9NEZ A LOS TRABAJADORES POR SER AGENTES DE PROGRESO"},"content":{"rendered":"<p><strong>#informativoelvalledeaguascalientes , #novaradioaguascalientes<br \/>\n<\/strong><\/p>\n<p>Tere Jim\u00e9nez aprovech\u00f3 este 1\u00b0 de Mayo, D\u00eda del Trabajo, para reconocer la fuerza laboral de Aguascalientes, por ser los trabajadores impulsores de grandes cambios y del crecimiento de nuestro estado.<\/p>\n<p>Se\u00f1al\u00f3 que el mejor ejemplo que un padre puede darle a sus hijos es el de esforzarse por ser mejor cada d\u00eda, por lo que su administraci\u00f3n trabajar\u00e1 por sostener la estabilidad laboral en Aguascalientes.<\/p>\n<p>Se enfocar\u00e1 en promover las mejoras necesarias para fortalecer al empresariado local, consolidando obras importantes en infraestructura que permitan la exportaci\u00f3n.<\/p>\n<p>A\u00f1adi\u00f3 que desde su gesti\u00f3n impulsar\u00e1 la atracci\u00f3n y generaci\u00f3n de inversiones, pues \u00e9stas representan m\u00e1s oportunidades laborales y, con ello, un mejor futuro para las familias de Aguascalientes.<\/p>\n<p>Desde la gesti\u00f3n p\u00fablica, tambi\u00e9n pugnar\u00e1 por ser el enlace entre las empresas y quienes requieran una fuente de empleo.<\/p>\n<p>\u201cVamos a realizar la inversi\u00f3n m\u00e1s grande de nuestra historia en infraestructura y obras p\u00fablicas. Vamos a tener un gobierno \u00e1gil, innovador y facilitador, para atraer inversiones. Garantizaremos la seguridad laboral, para que nuestra gente tenga condiciones dignas de trabajo y sus derechos se respeten\u201d, se\u00f1al\u00f3 la candidata.<\/p>\n","protected":false},"excerpt":{"rendered":"<p>#informativoelvalledeaguascalientes , #novaradioaguascalientes Tere Jim\u00e9nez aprovech\u00f3 este 1\u00b0 de Mayo, D\u00eda del Trabajo, para reconocer la fuerza laboral de Aguascalientes, por ser los trabajadores impulsores de grandes cambios y del crecimiento de nuestro estado. Se\u00f1al\u00f3 que el mejor ejemplo que un padre puede darle a sus hijos es el de esforzarse por ser mejor cada [&hellip;]<\/p>\n","protected":false},"author":1,"featured_media":30406,"comment_status":"closed","ping_status":"open","sticky":false,"template":"","format":"standard","meta":{"advanced_seo_description":"","jetpack_seo_html_title":"","jetpack_seo_noindex":false,"_jetpack_memberships_contains_paid_content":false,"footnotes":"","jetpack_publicize_message":"","jetpack_publicize_feature_enabled":true,"jetpack_social_post_already_shared":true,"jetpack_social_options":{"image_generator_settings":{"template":"highway","default_image_id":0,"font":"","enabled":false},"version":2}},"categories":[21,7],"tags":[22,23,43,320],"class_list":["post-30402","post","type-post","status-publish","format-standard","has-post-thumbnail","hentry","category-aguascalientes","category-pan-aguascalientes","tag-aguascalientes","tag-pan-aguascalientes","tag-pan-aguascalientes-cde","tag-tere-jimenez"],"jetpack_publicize_connections":[],"jetpack_featured_media_url":"https:\/\/i0.wp.com\/informativoelvalledeaguascalientes.online\/wp-content\/uploads\/2022\/05\/77ecaa9e-b0ed-48bc-b6cb-e4ee392b6d42.jpg?fit=1600%2C1066&ssl=1","jetpack-related-posts":[],"jetpack_sharing_enabled":true,"jetpack_likes_enabled":true,"_links":{"self":[{"href":"https:\/\/informativoelvalledeaguascalientes.online\/index.php?rest_route=\/wp\/v2\/posts\/30402","targetHints":{"allow":["GET"]}}],"collection":[{"href":"https:\/\/informativoelvalledeaguascalientes.online\/index.php?rest_route=\/wp\/v2\/posts"}],"about":[{"href":"https:\/\/informativoelvalledeaguascalientes.online\/index.php?rest_route=\/wp\/v2\/types\/post"}],"author":[{"embeddable":true,"href":"https:\/\/informativoelvalledeaguascalientes.online\/index.php?rest_route=\/wp\/v2\/users\/1"}],"replies":[{"embeddable":true,"href":"https:\/\/informativoelvalledeaguascalientes.online\/index.php?rest_route=%2Fwp%2Fv2%2Fcomments&post=30402"}],"version-history":[{"count":1,"href":"https:\/\/informativoelvalledeaguascalientes.online\/index.php?rest_route=\/wp\/v2\/posts\/30402\/revisions"}],"predecessor-version":[{"id":30407,"href":"https:\/\/informativoelvalledeaguascalientes.online\/index.php?rest_route=\/wp\/v2\/posts\/30402\/revisions\/30407"}],"wp:featuredmedia":[{"embeddable":true,"href":"https:\/\/informativoelvalledeaguascalientes.online\/index.php?rest_route=\/wp\/v2\/media\/30406"}],"wp:attachment":[{"href":"https:\/\/informativoelvalledeaguascalientes.online\/index.php?rest_route=%2Fwp%2Fv2%2Fmedia&parent=30402"}],"wp:term":[{"taxonomy":"category","embeddable":true,"href":"https:\/\/informativoelvalledeaguascalientes.online\/index.php?rest_route=%2Fwp%2Fv2%2Fcategories&post=30402"},{"taxonomy":"post_tag","embeddable":true,"href":"https:\/\/informativoelvalledeaguascalientes.online\/index.php?rest_route=%2Fwp%2Fv2%2Ftags&post=30402"}],"curies":[{"name":"wp","href":"https:\/\/api.w.org\/{rel}","templated":true}]}}