{"id":30401,"date":"2022-05-02T23:23:43","date_gmt":"2022-05-03T05:23:43","guid":{"rendered":"https:\/\/informativoelvalledeaguascalientes.online\/?p=30401"},"modified":"2022-05-02T23:23:43","modified_gmt":"2022-05-03T05:23:43","slug":"trabajaremos-por-un-estado-libre-de-maltrato-infantil-tere-jimenez","status":"publish","type":"post","link":"https:\/\/informativoelvalledeaguascalientes.online\/?p=30401","title":{"rendered":"TRABAJAREMOS POR UN ESTADO LIBRE DE MALTRATO INFANTIL&#8221;: TERE JIM\u00c9NEZ"},"content":{"rendered":"<p><strong>#informativoelvalledeaguascalientes , #novaradioaguascalientes<\/strong><\/p>\n<p>\u2022 En nuestro pa\u00eds 6 de cada 10 ni\u00f1as, ni\u00f1os y adolescentes han sufrido alg\u00fan tipo de violencia.<\/p>\n<p>\u2022 Programa Ni\u00f1os Formados en La Paz ser\u00e1 parte de los planes de estudio de todas las escuelas de Aguascalientes.<\/p>\n<p>\u2022 Se instalar\u00e1n buzones f\u00edsicos y virtuales para que los ni\u00f1os, ni\u00f1as y j\u00f3venes puedan denunciar actos de violencia de manera an\u00f3nima.<\/p>\n<p>Este 30 de abril, Tere Jim\u00e9nez celebr\u00f3 la firma del pacto \u201cNi\u00f1os y j\u00f3venes contra el bullying y la violencia\u201d, proyecto a trav\u00e9s del cual su administraci\u00f3n se compromete a hacer de Aguascalientes un estado libre de maltrato y acoso en las escuelas.<\/p>\n<p>La candidata a la gubernatura de Aguascalientes mencion\u00f3 que en nuestro pa\u00eds 6 de cada 10 ni\u00f1as, ni\u00f1os y adolescentes han sufrido alg\u00fan tipo de violencia, y un tercio de las y los adolescentes de 12 a 19 a\u00f1os ha mencionado vivir severo acoso en los \u00faltimos meses.<\/p>\n<p>A\u00f1adi\u00f3 que, en M\u00e9xico, la cuarta parte de los estudiantes sufre bullying al menos una vez al mes, maltrato que repercute en el aspecto f\u00edsico, mental y emocional e impacta profundamente en la construcci\u00f3n de la sociedad del ma\u00f1ana.<\/p>\n<p>Es por eso que, durante su administraci\u00f3n, el compromiso ser\u00e1 certificar a los planteles educativos que cuenten con los protocolos y capacitaci\u00f3n requeridos para controlar la violencia y el bullying. Para ello, el personal educativo recibir\u00e1 orientaci\u00f3n que les permita detectar y tratar estos casos en las escuelas.<\/p>\n<p>\u201cVamos a poner en marcha el programa Ni\u00f1os Formados en la Paz, que ser\u00e1 parte de los planes de estudio de todas las escuelas de Aguascalientes; con este programa fomentaremos entre los estudiantes una soluci\u00f3n pac\u00edfica de los conflictos, el dialogo, la tolerancia y una actitud solidaria. De la mano de nuestros aliados, las y los maestros, fomentaremos una educaci\u00f3n con respeto a la diversidad, la tolerancia y la inclusi\u00f3n\u201d, se\u00f1al\u00f3 la candidata.<\/p>\n<p>Se trabajar\u00e1 tambi\u00e9n en un amplio programa de sensibilizaci\u00f3n con padres de familias, pidi\u00e9ndoles que se sumen a lograr el sano desarrollo de los ni\u00f1os, ni\u00f1as y j\u00f3venes de Aguascalientes.<\/p>\n<p>\u201cVamos a realizar una gran campa\u00f1a de sensibilizaci\u00f3n, implementaremos programas espec\u00edficos para padres de familia con el objetivo de detener y atender conductas violentas entre nuestros ni\u00f1os y j\u00f3venes\u201d, apunt\u00f3.<\/p>\n<p>Adicionalmente, los planteles educativos contar\u00e1n con personal especializado en atenci\u00f3n psicol\u00f3gica. \u201cLos centros educativos contar\u00e1n con personal especializado en atenci\u00f3n emocional y psicol\u00f3gica para prevenir y atender casos de bullying y violencia\u201d, dijo.<\/p>\n<p>Se instalar\u00e1n buzones tanto f\u00edsicos como virtuales para que los ni\u00f1os, ni\u00f1as y j\u00f3venes puedan denunciar actos de violencia de manera an\u00f3nima.<\/p>\n<p>Tere Jim\u00e9nez asegur\u00f3 que nada ni nadie debe detener los sue\u00f1os de nuestros ni\u00f1os, pues, as\u00ed como un d\u00eda ella so\u00f1\u00f3 con ayudar a otros sin saber que podr\u00eda ser gobernadora, los ni\u00f1os y ni\u00f1as de Aguascalientes pueden aspirar a ser los mejores en lo que ellos quieran, por eso su administraci\u00f3n apoyar\u00e1 tanto la educaci\u00f3n de los menores como su sano desarrollo y esparcimiento, con la consolidaci\u00f3n de torneos deportivos, actividades culturales y espacios donde puedan jugar seguros.<\/p>\n<p>\u201cReconozco en nuestros ni\u00f1os la ni\u00f1a que hubo en m\u00ed, debemos escuchar a nuestros ni\u00f1os y ni\u00f1as, estar informados de lo que les pasa. Pueden estar tranquilos\u2026 desde nuestro gobierno los cuidaremos\u201d, finaliz\u00f3.<\/p>\n","protected":false},"excerpt":{"rendered":"<p>#informativoelvalledeaguascalientes , #novaradioaguascalientes \u2022 En nuestro pa\u00eds 6 de cada 10 ni\u00f1as, ni\u00f1os y adolescentes han sufrido alg\u00fan tipo de violencia. \u2022 Programa Ni\u00f1os Formados en La Paz ser\u00e1 parte de los planes de estudio de todas las escuelas de Aguascalientes. \u2022 Se instalar\u00e1n buzones f\u00edsicos y virtuales para que los ni\u00f1os, ni\u00f1as y j\u00f3venes [&hellip;]<\/p>\n","protected":false},"author":1,"featured_media":30403,"comment_status":"closed","ping_status":"open","sticky":false,"template":"","format":"standard","meta":{"advanced_seo_description":"","jetpack_seo_html_title":"","jetpack_seo_noindex":false,"_jetpack_memberships_contains_paid_content":false,"footnotes":"","jetpack_publicize_message":"","jetpack_publicize_feature_enabled":true,"jetpack_social_post_already_shared":true,"jetpack_social_options":{"image_generator_settings":{"template":"highway","default_image_id":0,"font":"","enabled":false},"version":2}},"categories":[21,7],"tags":[22,23,43,320],"class_list":["post-30401","post","type-post","status-publish","format-standard","has-post-thumbnail","hentry","category-aguascalientes","category-pan-aguascalientes","tag-aguascalientes","tag-pan-aguascalientes","tag-pan-aguascalientes-cde","tag-tere-jimenez"],"jetpack_publicize_connections":[],"jetpack_featured_media_url":"https:\/\/i0.wp.com\/informativoelvalledeaguascalientes.online\/wp-content\/uploads\/2022\/05\/WhatsApp-Image-2022-05-02-at-2.06.30-PM.jpeg?fit=1600%2C1066&ssl=1","jetpack-related-posts":[],"jetpack_sharing_enabled":true,"jetpack_likes_enabled":true,"_links":{"self":[{"href":"https:\/\/informativoelvalledeaguascalientes.online\/index.php?rest_route=\/wp\/v2\/posts\/30401","targetHints":{"allow":["GET"]}}],"collection":[{"href":"https:\/\/informativoelvalledeaguascalientes.online\/index.php?rest_route=\/wp\/v2\/posts"}],"about":[{"href":"https:\/\/informativoelvalledeaguascalientes.online\/index.php?rest_route=\/wp\/v2\/types\/post"}],"author":[{"embeddable":true,"href":"https:\/\/informativoelvalledeaguascalientes.online\/index.php?rest_route=\/wp\/v2\/users\/1"}],"replies":[{"embeddable":true,"href":"https:\/\/informativoelvalledeaguascalientes.online\/index.php?rest_route=%2Fwp%2Fv2%2Fcomments&post=30401"}],"version-history":[{"count":1,"href":"https:\/\/informativoelvalledeaguascalientes.online\/index.php?rest_route=\/wp\/v2\/posts\/30401\/revisions"}],"predecessor-version":[{"id":30404,"href":"https:\/\/informativoelvalledeaguascalientes.online\/index.php?rest_route=\/wp\/v2\/posts\/30401\/revisions\/30404"}],"wp:featuredmedia":[{"embeddable":true,"href":"https:\/\/informativoelvalledeaguascalientes.online\/index.php?rest_route=\/wp\/v2\/media\/30403"}],"wp:attachment":[{"href":"https:\/\/informativoelvalledeaguascalientes.online\/index.php?rest_route=%2Fwp%2Fv2%2Fmedia&parent=30401"}],"wp:term":[{"taxonomy":"category","embeddable":true,"href":"https:\/\/informativoelvalledeaguascalientes.online\/index.php?rest_route=%2Fwp%2Fv2%2Fcategories&post=30401"},{"taxonomy":"post_tag","embeddable":true,"href":"https:\/\/informativoelvalledeaguascalientes.online\/index.php?rest_route=%2Fwp%2Fv2%2Ftags&post=30401"}],"curies":[{"name":"wp","href":"https:\/\/api.w.org\/{rel}","templated":true}]}}