{"id":30387,"date":"2022-05-02T11:48:16","date_gmt":"2022-05-02T17:48:16","guid":{"rendered":"https:\/\/informativoelvalledeaguascalientes.online\/?p=30387"},"modified":"2022-05-02T11:48:16","modified_gmt":"2022-05-02T17:48:16","slug":"regidores-y-unidad-de-derechos-humanos-del-municipio-supervisan-actividades-de-juzgados-civicos-en-base-volcan","status":"publish","type":"post","link":"https:\/\/informativoelvalledeaguascalientes.online\/?p=30387","title":{"rendered":"REGIDORES Y UNIDAD DE DERECHOS HUMANOS DEL MUNICIPIO SUPERVISAN ACTIVIDADES DE JUZGADOS C\u00cdVICOS EN BASE VOLC\u00c1N"},"content":{"rendered":"<p><strong>#informativoelvalledeaguascalientes , #novaradioaguascalientes<br \/>\n<\/strong><\/p>\n<p>La Comisi\u00f3n Permanente de Derechos Humanos en coordinaci\u00f3n con la Unidad de Derechos Humanos del Municipio de Aguascalientes supervisaron las actividades de la Direcci\u00f3n de Justicia C\u00edvica en base Volc\u00e1n instalada en la Feria Nacional de San Marcos, con el objetivo verificar que se realice el procedimiento correcto desde la recepci\u00f3n de los detenidos.<\/p>\n<p>La presidenta de la Comisi\u00f3n Permanente de Derechos Humanos del H. Ayuntamiento inspeccion\u00f3 las condiciones en que se reciben a los detenidos, el momento en que se les informa sobre sus derechos, si el juez c\u00edvico comunica sobre las causas de la detenci\u00f3n, si se le permite al infractor comunicarse al exterior, as\u00ed como las medidas que se toman para verificar el estado de salud en que llegan los detenidos, entre otras acciones.<\/p>\n<p>Por su parte la regidora\u00a0 presidenta de la Comisi\u00f3n Permanente de Gobernaci\u00f3n entrevist\u00f3 al juez en turno para conocer el n\u00famero de jueces que trabajan por jornada y c\u00f3mo se lleva a cabo la vinculaci\u00f3n con el personal de la Fiscal\u00eda del Estado de Aguascalientes que se encuentra en base Volc\u00e1n.<\/p>\n<p>El recorrido tambi\u00e9n se hizo en el \u00e1rea de celdas, con el fin de corroborar la correcta aplicaci\u00f3n de los protocolos que lleva a cabo la direcci\u00f3n de Justicia C\u00edvica.<\/p>\n<p>Por su parte, la regidora presidenta de la Comisi\u00f3n de Igualdad y G\u00e9nero en conjunto con el titular de la Unidad de Derechos Humanos cuestion\u00f3 c\u00f3mo se realiza el proceso de separaci\u00f3n en las celdas para hombres, mujeres y comunidad LGTB+; adem\u00e1s de confirmar las condiciones higi\u00e9nicas de estos espacios.<\/p>\n<p>Finalmente, los regidores de la Comisi\u00f3n Permanente de Derechos Humanos conversaron con el director de Justicia C\u00edvica acerca del procedimiento que se realiza para que los infractores puedan realizar la permuta para pagar su falta administrativa con servicio comunitario.<\/p>\n","protected":false},"excerpt":{"rendered":"<p>#informativoelvalledeaguascalientes , #novaradioaguascalientes La Comisi\u00f3n Permanente de Derechos Humanos en coordinaci\u00f3n con la Unidad de Derechos Humanos del Municipio de Aguascalientes supervisaron las actividades de la Direcci\u00f3n de Justicia C\u00edvica en base Volc\u00e1n instalada en la Feria Nacional de San Marcos, con el objetivo verificar que se realice el procedimiento correcto desde la recepci\u00f3n de [&hellip;]<\/p>\n","protected":false},"author":1,"featured_media":30388,"comment_status":"closed","ping_status":"open","sticky":false,"template":"","format":"standard","meta":{"advanced_seo_description":"","jetpack_seo_html_title":"","jetpack_seo_noindex":false,"_jetpack_memberships_contains_paid_content":false,"footnotes":"","jetpack_publicize_message":"","jetpack_publicize_feature_enabled":true,"jetpack_social_post_already_shared":true,"jetpack_social_options":{"image_generator_settings":{"template":"highway","default_image_id":0,"font":"","enabled":false},"version":2}},"categories":[21,3],"tags":[22,25],"class_list":["post-30387","post","type-post","status-publish","format-standard","has-post-thumbnail","hentry","category-aguascalientes","category-municipio-aguascalientes","tag-aguascalientes","tag-mpio-aguascalientes"],"jetpack_publicize_connections":[],"jetpack_featured_media_url":"https:\/\/i0.wp.com\/informativoelvalledeaguascalientes.online\/wp-content\/uploads\/2022\/05\/DSC_0768-scaled-1.jpeg?fit=2560%2C1560&ssl=1","jetpack-related-posts":[],"jetpack_sharing_enabled":true,"jetpack_likes_enabled":true,"_links":{"self":[{"href":"https:\/\/informativoelvalledeaguascalientes.online\/index.php?rest_route=\/wp\/v2\/posts\/30387","targetHints":{"allow":["GET"]}}],"collection":[{"href":"https:\/\/informativoelvalledeaguascalientes.online\/index.php?rest_route=\/wp\/v2\/posts"}],"about":[{"href":"https:\/\/informativoelvalledeaguascalientes.online\/index.php?rest_route=\/wp\/v2\/types\/post"}],"author":[{"embeddable":true,"href":"https:\/\/informativoelvalledeaguascalientes.online\/index.php?rest_route=\/wp\/v2\/users\/1"}],"replies":[{"embeddable":true,"href":"https:\/\/informativoelvalledeaguascalientes.online\/index.php?rest_route=%2Fwp%2Fv2%2Fcomments&post=30387"}],"version-history":[{"count":1,"href":"https:\/\/informativoelvalledeaguascalientes.online\/index.php?rest_route=\/wp\/v2\/posts\/30387\/revisions"}],"predecessor-version":[{"id":30389,"href":"https:\/\/informativoelvalledeaguascalientes.online\/index.php?rest_route=\/wp\/v2\/posts\/30387\/revisions\/30389"}],"wp:featuredmedia":[{"embeddable":true,"href":"https:\/\/informativoelvalledeaguascalientes.online\/index.php?rest_route=\/wp\/v2\/media\/30388"}],"wp:attachment":[{"href":"https:\/\/informativoelvalledeaguascalientes.online\/index.php?rest_route=%2Fwp%2Fv2%2Fmedia&parent=30387"}],"wp:term":[{"taxonomy":"category","embeddable":true,"href":"https:\/\/informativoelvalledeaguascalientes.online\/index.php?rest_route=%2Fwp%2Fv2%2Fcategories&post=30387"},{"taxonomy":"post_tag","embeddable":true,"href":"https:\/\/informativoelvalledeaguascalientes.online\/index.php?rest_route=%2Fwp%2Fv2%2Ftags&post=30387"}],"curies":[{"name":"wp","href":"https:\/\/api.w.org\/{rel}","templated":true}]}}