{"id":30377,"date":"2022-05-02T10:59:57","date_gmt":"2022-05-02T16:59:57","guid":{"rendered":"https:\/\/informativoelvalledeaguascalientes.online\/?p=30377"},"modified":"2022-05-02T11:01:09","modified_gmt":"2022-05-02T17:01:09","slug":"aguascalientes-un-estado-fuerte-en-materia-laboral","status":"publish","type":"post","link":"https:\/\/informativoelvalledeaguascalientes.online\/?p=30377","title":{"rendered":"AGUASCALIENTES UN ESTADO FUERTE  EN MATERIA LABORAL  \u00a0"},"content":{"rendered":"<p style=\"font-weight: 400;\"><strong>#informativoelvalledeaguascalientes , #novaradioaguascalientes<\/strong><\/p>\n<ul>\n<li style=\"font-weight: 400;\"><strong><em>Existe un ambiente de uni\u00f3n y paz que fortalece la visi\u00f3n del Estado.<\/em><\/strong><\/li>\n<li style=\"font-weight: 400;\"><strong><em>Las instituciones que tutelan la materia laboral son fuertes y confiables.<\/em><\/strong><\/li>\n<\/ul>\n<p style=\"font-weight: 400;\"><strong><em>\u00a0<\/em><\/strong><\/p>\n<p style=\"font-weight: 400;\"><strong><em>\u00a0<\/em><\/strong><\/p>\n<p style=\"font-weight: 400;\">Durante el evento que conmemora el D\u00eda del Trabajo, el secretario General de Gobierno, Juan Manuel Flores Femat, destac\u00f3 el ambiente de uni\u00f3n y paz laboral que vive Aguascalientes, el cual abona al progreso de nuestra entidad y se da gracias al esfuerzo que se hace de manera conjunta entre las y los trabajadores, as\u00ed como l\u00edderes sindicales, empresarios y el mismo Gobierno del Estado.<\/p>\n<p style=\"font-weight: 400;\">Flores Femat, destac\u00f3 que, a consecuencia de la reforma laboral, en todo M\u00e9xico se ha dado una nueva configuraci\u00f3n de las relaciones laborales, la cual cambi\u00f3 la forma de relacionarse entre sindicatos, patrones y trabajadores; por lo cual, desde la administraci\u00f3n estatal, se ha trabajado en fortalecer a las instituciones que se encargan de tutelar la materia laboral y generar mayor nivel de eficiencia que abona al clima de progreso general del estado.<\/p>\n<p style=\"font-weight: 400;\">Todo el pa\u00eds enfrenta retos importantes que surgieron a consecuencia de la pandemia, y en materia laboral se busca superar los efectos negativos que dej\u00f3 consigo, coment\u00f3 el encargado de la pol\u00edtica interior, quien puntualiz\u00f3 que se deben unir fuerzas y hacer un frente com\u00fan, recordando que Aguascalientes est\u00e1 sustentado en el trabajo de su gente, por lo cual, el esfuerzo y la uni\u00f3n son el basti\u00f3n del \u00e9xito de nuestro Estado.<\/p>\n<p style=\"font-weight: 400;\">En el evento estuvieron presentes, el presidente municipal de Aguascalientes, Leonardo Monta\u00f1ez Castro, el subsecretario general de Gobierno, Manuel Cortina Reynoso, as\u00ed como l\u00edderes y lideresas de los diversos sindicatos y agrupaciones laborales del Estado y dem\u00e1s personalidades laborales de la entidad.<\/p>\n<p style=\"font-weight: 400;\">\n","protected":false},"excerpt":{"rendered":"<p>#informativoelvalledeaguascalientes , #novaradioaguascalientes Existe un ambiente de uni\u00f3n y paz que fortalece la visi\u00f3n del Estado. Las instituciones que tutelan la materia laboral son fuertes y confiables. \u00a0 \u00a0 Durante el evento que conmemora el D\u00eda del Trabajo, el secretario General de Gobierno, Juan Manuel Flores Femat, destac\u00f3 el ambiente de uni\u00f3n y paz laboral [&hellip;]<\/p>\n","protected":false},"author":1,"featured_media":30380,"comment_status":"closed","ping_status":"open","sticky":false,"template":"","format":"standard","meta":{"advanced_seo_description":"","jetpack_seo_html_title":"","jetpack_seo_noindex":false,"_jetpack_memberships_contains_paid_content":false,"footnotes":"","jetpack_publicize_message":"","jetpack_publicize_feature_enabled":true,"jetpack_social_post_already_shared":true,"jetpack_social_options":{"image_generator_settings":{"template":"highway","default_image_id":0,"font":"","enabled":false},"version":2}},"categories":[21,4],"tags":[22,51],"class_list":["post-30377","post","type-post","status-publish","format-standard","has-post-thumbnail","hentry","category-aguascalientes","category-gobierno-del-estado-aguascalientes","tag-aguascalientes","tag-seggob"],"jetpack_publicize_connections":[],"jetpack_featured_media_url":"https:\/\/i0.wp.com\/informativoelvalledeaguascalientes.online\/wp-content\/uploads\/2022\/05\/01-Dia-Trabajo.jpg?fit=2430%2C1620&ssl=1","jetpack-related-posts":[],"jetpack_sharing_enabled":true,"jetpack_likes_enabled":true,"_links":{"self":[{"href":"https:\/\/informativoelvalledeaguascalientes.online\/index.php?rest_route=\/wp\/v2\/posts\/30377","targetHints":{"allow":["GET"]}}],"collection":[{"href":"https:\/\/informativoelvalledeaguascalientes.online\/index.php?rest_route=\/wp\/v2\/posts"}],"about":[{"href":"https:\/\/informativoelvalledeaguascalientes.online\/index.php?rest_route=\/wp\/v2\/types\/post"}],"author":[{"embeddable":true,"href":"https:\/\/informativoelvalledeaguascalientes.online\/index.php?rest_route=\/wp\/v2\/users\/1"}],"replies":[{"embeddable":true,"href":"https:\/\/informativoelvalledeaguascalientes.online\/index.php?rest_route=%2Fwp%2Fv2%2Fcomments&post=30377"}],"version-history":[{"count":2,"href":"https:\/\/informativoelvalledeaguascalientes.online\/index.php?rest_route=\/wp\/v2\/posts\/30377\/revisions"}],"predecessor-version":[{"id":30381,"href":"https:\/\/informativoelvalledeaguascalientes.online\/index.php?rest_route=\/wp\/v2\/posts\/30377\/revisions\/30381"}],"wp:featuredmedia":[{"embeddable":true,"href":"https:\/\/informativoelvalledeaguascalientes.online\/index.php?rest_route=\/wp\/v2\/media\/30380"}],"wp:attachment":[{"href":"https:\/\/informativoelvalledeaguascalientes.online\/index.php?rest_route=%2Fwp%2Fv2%2Fmedia&parent=30377"}],"wp:term":[{"taxonomy":"category","embeddable":true,"href":"https:\/\/informativoelvalledeaguascalientes.online\/index.php?rest_route=%2Fwp%2Fv2%2Fcategories&post=30377"},{"taxonomy":"post_tag","embeddable":true,"href":"https:\/\/informativoelvalledeaguascalientes.online\/index.php?rest_route=%2Fwp%2Fv2%2Ftags&post=30377"}],"curies":[{"name":"wp","href":"https:\/\/api.w.org\/{rel}","templated":true}]}}