{"id":30374,"date":"2022-05-02T10:57:15","date_gmt":"2022-05-02T16:57:15","guid":{"rendered":"https:\/\/informativoelvalledeaguascalientes.online\/?p=30374"},"modified":"2022-05-02T10:57:15","modified_gmt":"2022-05-02T16:57:15","slug":"asiste-gobernador-martin-orozco-a-toma-de-posesion-del-nuevo-general-de-la-xiv-zona-militar","status":"publish","type":"post","link":"https:\/\/informativoelvalledeaguascalientes.online\/?p=30374","title":{"rendered":"ASISTE GOBERNADOR MART\u00cdN OROZCO A TOMA DE POSESI\u00d3N DEL NUEVO GENERAL DE LA XIV ZONA MILITAR\u00a0"},"content":{"rendered":"<p><strong>#informativoelvalledeaguascalientes , #novaradioaguascalientes<\/strong><\/p>\n<ul>\n<li dir=\"ltr\">\n<p dir=\"ltr\" role=\"presentation\">El gobernador Mart\u00edn Orozco dio la bienvenida en Aguascalientes al general Rub\u00e9n Barraza Rodr\u00edguez<\/p>\n<\/li>\n<li dir=\"ltr\">\n<p dir=\"ltr\" role=\"presentation\">Continuar\u00e1 el trabajo coordinado entre el Gobierno Estatal y Zona Militar para preservar la paz social y seguridad: MOS<\/p>\n<\/li>\n<\/ul>\n<p>&nbsp;<\/p>\n<p dir=\"ltr\">El gobernador del estado, Mart\u00edn Orozco Sandoval, asisti\u00f3 a la toma de posesi\u00f3n del General de Brigada Diplomado Estado Mayor, Rub\u00e9n Barraza Rodr\u00edguez, como nuevo Comandante de la XIV Zona Militar en Aguascalientes.<\/p>\n<p>&nbsp;<\/p>\n<p dir=\"ltr\">Al respecto, el mandatario se\u00f1al\u00f3 que se seguir\u00e1 trabajando en total coordinaci\u00f3n con la Zona Militar de Aguascalientes con el objetivo de preservar la seguridad de las familias y el ambiente de paz social que se vive en la entidad.<\/p>\n<p>&nbsp;<\/p>\n<p dir=\"ltr\">En este evento, luego de rendir honores a la bandera, el General de Brigada Diplomado Estado Mayor, Maximiliano Cruz Ramos, Comandante de la Quinta Regi\u00f3n Militar fue el encargado de realizar el juramento y tomar protesta al General Rub\u00e9n Barraza Rodr\u00edguez.<\/p>\n<p>&nbsp;<\/p>\n<p dir=\"ltr\">En compa\u00f1\u00eda de las y los representantes de los tres poderes de Gobierno, Orozco Sandoval le dese\u00f3 el mayor de los \u00e9xitos al comandante en esta nueva encomienda, realizando sus actividades con apego a la ley, honestidad y respeto.<\/p>\n<p>&nbsp;<\/p>\n<p dir=\"ltr\">Durante el evento tambi\u00e9n estuvieron presentes Ana Laura G\u00f3mez Calzada, presidenta de la mesa directiva del Congreso del Estado y Juan Rojas Garc\u00eda, presidente del Supremo Tribunal de Justicia de Aguascalientes.<\/p>\n","protected":false},"excerpt":{"rendered":"<p>#informativoelvalledeaguascalientes , #novaradioaguascalientes El gobernador Mart\u00edn Orozco dio la bienvenida en Aguascalientes al general Rub\u00e9n Barraza Rodr\u00edguez Continuar\u00e1 el trabajo coordinado entre el Gobierno Estatal y Zona Militar para preservar la paz social y seguridad: MOS &nbsp; El gobernador del estado, Mart\u00edn Orozco Sandoval, asisti\u00f3 a la toma de posesi\u00f3n del General de Brigada Diplomado [&hellip;]<\/p>\n","protected":false},"author":1,"featured_media":30375,"comment_status":"closed","ping_status":"open","sticky":false,"template":"","format":"standard","meta":{"advanced_seo_description":"","jetpack_seo_html_title":"","jetpack_seo_noindex":false,"_jetpack_memberships_contains_paid_content":false,"footnotes":"","jetpack_publicize_message":"","jetpack_publicize_feature_enabled":true,"jetpack_social_post_already_shared":true,"jetpack_social_options":{"image_generator_settings":{"template":"highway","default_image_id":0,"font":"","enabled":false},"version":2}},"categories":[21,4],"tags":[22,31,432],"class_list":["post-30374","post","type-post","status-publish","format-standard","has-post-thumbnail","hentry","category-aguascalientes","category-gobierno-del-estado-aguascalientes","tag-aguascalientes","tag-mos","tag-xiv-zona-militar"],"jetpack_publicize_connections":[],"jetpack_featured_media_url":"https:\/\/i0.wp.com\/informativoelvalledeaguascalientes.online\/wp-content\/uploads\/2022\/05\/WhatsApp-Image-2022-05-01-at-11.52.57-AM-1.jpeg?fit=1280%2C848&ssl=1","jetpack-related-posts":[],"jetpack_sharing_enabled":true,"jetpack_likes_enabled":true,"_links":{"self":[{"href":"https:\/\/informativoelvalledeaguascalientes.online\/index.php?rest_route=\/wp\/v2\/posts\/30374","targetHints":{"allow":["GET"]}}],"collection":[{"href":"https:\/\/informativoelvalledeaguascalientes.online\/index.php?rest_route=\/wp\/v2\/posts"}],"about":[{"href":"https:\/\/informativoelvalledeaguascalientes.online\/index.php?rest_route=\/wp\/v2\/types\/post"}],"author":[{"embeddable":true,"href":"https:\/\/informativoelvalledeaguascalientes.online\/index.php?rest_route=\/wp\/v2\/users\/1"}],"replies":[{"embeddable":true,"href":"https:\/\/informativoelvalledeaguascalientes.online\/index.php?rest_route=%2Fwp%2Fv2%2Fcomments&post=30374"}],"version-history":[{"count":1,"href":"https:\/\/informativoelvalledeaguascalientes.online\/index.php?rest_route=\/wp\/v2\/posts\/30374\/revisions"}],"predecessor-version":[{"id":30376,"href":"https:\/\/informativoelvalledeaguascalientes.online\/index.php?rest_route=\/wp\/v2\/posts\/30374\/revisions\/30376"}],"wp:featuredmedia":[{"embeddable":true,"href":"https:\/\/informativoelvalledeaguascalientes.online\/index.php?rest_route=\/wp\/v2\/media\/30375"}],"wp:attachment":[{"href":"https:\/\/informativoelvalledeaguascalientes.online\/index.php?rest_route=%2Fwp%2Fv2%2Fmedia&parent=30374"}],"wp:term":[{"taxonomy":"category","embeddable":true,"href":"https:\/\/informativoelvalledeaguascalientes.online\/index.php?rest_route=%2Fwp%2Fv2%2Fcategories&post=30374"},{"taxonomy":"post_tag","embeddable":true,"href":"https:\/\/informativoelvalledeaguascalientes.online\/index.php?rest_route=%2Fwp%2Fv2%2Ftags&post=30374"}],"curies":[{"name":"wp","href":"https:\/\/api.w.org\/{rel}","templated":true}]}}