{"id":30334,"date":"2022-04-30T18:59:30","date_gmt":"2022-05-01T00:59:30","guid":{"rendered":"https:\/\/informativoelvalledeaguascalientes.online\/?p=30334"},"modified":"2022-04-30T18:59:30","modified_gmt":"2022-05-01T00:59:30","slug":"familias-de-las-comunidades-tendran-todo-mi-apoyo-tere-jimenez","status":"publish","type":"post","link":"https:\/\/informativoelvalledeaguascalientes.online\/?p=30334","title":{"rendered":"\u201cFAMILIAS DE LAS COMUNIDADES TENDR\u00c1N TODO MI APOYO\u201d: TERE JIM\u00c9NEZ"},"content":{"rendered":"<p><strong>#informativoelvalledeaguascalientes , #novaradioaguascalientes<br \/>\n<\/strong><\/p>\n<p>Tere Jim\u00e9nez visit\u00f3 las comunidades de Santa Rosa, Ojo de Agua de Crucitas y La Luz, en el municipio de El Llano, en donde escuch\u00f3 las necesidades de los pobladores.<\/p>\n<p>La candidata de la coalici\u00f3n \u201cVa Por Aguascalientes\u201d al Gobierno del Estado les hizo saber que, en este punto del oriente de nuestro territorio, se invertir\u00e1 en el mejoramiento de la infraestructura educativa para consolidar planteles inclusivos y que todos los ni\u00f1os y ni\u00f1as tengan las mismas oportunidades de desarrollo; habr\u00e1 Internet en espacios p\u00fablicos y \u00e1reas para que los ni\u00f1os puedan encauzar sus energ\u00edas y explorar su talento. As\u00ed, podr\u00e1n tener torneos deportivos y la orquesta sinf\u00f3nica infantil de esta regi\u00f3n.<\/p>\n<p>La candidata dijo tambi\u00e9n que se fortalecer\u00e1 el sistema de salud, con el fin de que las familias de los municipios m\u00e1s alejados de la capital puedan acceder a este servicio b\u00e1sico: \u201cNuestros doctores visitar\u00e1n cada rinc\u00f3n del estado; promoveremos el programa M\u00e9dico en tu Casa que atender\u00e1 a los abuelitos mayores que viven en estas zonas alejadas de la ciudad.\u201d<\/p>\n<p>La candidata destac\u00f3 que se consolidar\u00e1n proyectos para atraer el turismo, inversiones que generen empleos en la regi\u00f3n, y se entregar\u00e1n Cr\u00e9ditos a la Palabra a mujeres, campesinos y j\u00f3venes emprendedores, todo ello para reactivar la econom\u00eda de las familias de Aguascalientes.<\/p>\n<p>Asimismo, se reestructurar\u00e1 el servicio de transporte para apoyar a los trabajadores que a diario lo utilizan como principal medio de movilidad, pues una demanda constante es la de mejorar el tiempo entre cada ruta y las condiciones de las unidades.<\/p>\n","protected":false},"excerpt":{"rendered":"<p>#informativoelvalledeaguascalientes , #novaradioaguascalientes Tere Jim\u00e9nez visit\u00f3 las comunidades de Santa Rosa, Ojo de Agua de Crucitas y La Luz, en el municipio de El Llano, en donde escuch\u00f3 las necesidades de los pobladores. La candidata de la coalici\u00f3n \u201cVa Por Aguascalientes\u201d al Gobierno del Estado les hizo saber que, en este punto del oriente de [&hellip;]<\/p>\n","protected":false},"author":1,"featured_media":30337,"comment_status":"closed","ping_status":"open","sticky":false,"template":"","format":"standard","meta":{"advanced_seo_description":"","jetpack_seo_html_title":"","jetpack_seo_noindex":false,"_jetpack_memberships_contains_paid_content":false,"footnotes":"","jetpack_publicize_message":"","jetpack_publicize_feature_enabled":true,"jetpack_social_post_already_shared":true,"jetpack_social_options":{"image_generator_settings":{"template":"highway","default_image_id":0,"font":"","enabled":false},"version":2}},"categories":[21,7],"tags":[22,23,43,320],"class_list":["post-30334","post","type-post","status-publish","format-standard","has-post-thumbnail","hentry","category-aguascalientes","category-pan-aguascalientes","tag-aguascalientes","tag-pan-aguascalientes","tag-pan-aguascalientes-cde","tag-tere-jimenez"],"jetpack_publicize_connections":[],"jetpack_featured_media_url":"https:\/\/i0.wp.com\/informativoelvalledeaguascalientes.online\/wp-content\/uploads\/2022\/04\/b5f89315-0d5b-4433-a7c9-3369e183697f.jpg?fit=1600%2C1066&ssl=1","jetpack-related-posts":[],"jetpack_sharing_enabled":true,"jetpack_likes_enabled":true,"_links":{"self":[{"href":"https:\/\/informativoelvalledeaguascalientes.online\/index.php?rest_route=\/wp\/v2\/posts\/30334","targetHints":{"allow":["GET"]}}],"collection":[{"href":"https:\/\/informativoelvalledeaguascalientes.online\/index.php?rest_route=\/wp\/v2\/posts"}],"about":[{"href":"https:\/\/informativoelvalledeaguascalientes.online\/index.php?rest_route=\/wp\/v2\/types\/post"}],"author":[{"embeddable":true,"href":"https:\/\/informativoelvalledeaguascalientes.online\/index.php?rest_route=\/wp\/v2\/users\/1"}],"replies":[{"embeddable":true,"href":"https:\/\/informativoelvalledeaguascalientes.online\/index.php?rest_route=%2Fwp%2Fv2%2Fcomments&post=30334"}],"version-history":[{"count":1,"href":"https:\/\/informativoelvalledeaguascalientes.online\/index.php?rest_route=\/wp\/v2\/posts\/30334\/revisions"}],"predecessor-version":[{"id":30338,"href":"https:\/\/informativoelvalledeaguascalientes.online\/index.php?rest_route=\/wp\/v2\/posts\/30334\/revisions\/30338"}],"wp:featuredmedia":[{"embeddable":true,"href":"https:\/\/informativoelvalledeaguascalientes.online\/index.php?rest_route=\/wp\/v2\/media\/30337"}],"wp:attachment":[{"href":"https:\/\/informativoelvalledeaguascalientes.online\/index.php?rest_route=%2Fwp%2Fv2%2Fmedia&parent=30334"}],"wp:term":[{"taxonomy":"category","embeddable":true,"href":"https:\/\/informativoelvalledeaguascalientes.online\/index.php?rest_route=%2Fwp%2Fv2%2Fcategories&post=30334"},{"taxonomy":"post_tag","embeddable":true,"href":"https:\/\/informativoelvalledeaguascalientes.online\/index.php?rest_route=%2Fwp%2Fv2%2Ftags&post=30334"}],"curies":[{"name":"wp","href":"https:\/\/api.w.org\/{rel}","templated":true}]}}