{"id":30333,"date":"2022-04-30T18:56:17","date_gmt":"2022-05-01T00:56:17","guid":{"rendered":"https:\/\/informativoelvalledeaguascalientes.online\/?p=30333"},"modified":"2022-04-30T18:56:17","modified_gmt":"2022-05-01T00:56:17","slug":"trabajare-por-mejores-oportunidades-para-nuestras-ninas-y-ninos-tere-jimenez","status":"publish","type":"post","link":"https:\/\/informativoelvalledeaguascalientes.online\/?p=30333","title":{"rendered":"\u201cTRABAJAR\u00c9 POR MEJORES OPORTUNIDADES PARA NUESTRAS NI\u00d1AS Y NI\u00d1OS\u201d: TERE JIM\u00c9NEZ"},"content":{"rendered":"<p><strong>#informativoelvalledeaguascalientes , #novaradioaguascalientes<\/strong><\/p>\n<p>Tere Jim\u00e9nez contin\u00faa visitando las empresas locales. En Pabell\u00f3n de Arteaga se reuni\u00f3 con 150 trabajadores de la agroindustria. Las madres jefas de familia le externaron su preocupaci\u00f3n por que sus hijos tengan mejores oportunidades de desarrollo. Tere Jim\u00e9nez les hizo saber que su administraci\u00f3n trabajar\u00e1 para que las futuras generaciones crezcan en un entorno de plenitud.<\/p>\n<p>\u201cTrabajaremos por que sus hijos est\u00e9n tranquilos. Necesitamos prevenir antes que lamentar. Con educaci\u00f3n y deporte, tendremos ni\u00f1os de bien\u2026 impulsaremos el deporte y torneos competitivos. Protegeremos a nuestras mujeres y abuelitos con pulseras de seguridad.\u201d<\/p>\n<p>La candidata al Gobierno del Estado de Aguascalientes se\u00f1al\u00f3 que velar\u00e1 por la seguridad de los sectores vulnerables y acercar\u00e1 servicios de salud a cada comunidad, pues todos tenemos el mismo derecho a servicios tan importantes.<\/p>\n<p>Finalmente, se comprometi\u00f3 a continuar apoyando a los empresarios para que crezcan m\u00e1s y sigan brindando empleos a las comunidades. Hizo un agradecimiento a la fuerza laboral local por ser un ejemplo de lucha. \u201cGracias a su trabajo, Aguascalientes es uno de los estados m\u00e1s productivos del pa\u00eds\u2026 \u00a1Gracias por ese ejemplo de lucha que dan a sus hijos!\u201d, dijo la candidata.<\/p>\n","protected":false},"excerpt":{"rendered":"<p>#informativoelvalledeaguascalientes , #novaradioaguascalientes Tere Jim\u00e9nez contin\u00faa visitando las empresas locales. En Pabell\u00f3n de Arteaga se reuni\u00f3 con 150 trabajadores de la agroindustria. Las madres jefas de familia le externaron su preocupaci\u00f3n por que sus hijos tengan mejores oportunidades de desarrollo. Tere Jim\u00e9nez les hizo saber que su administraci\u00f3n trabajar\u00e1 para que las futuras generaciones crezcan [&hellip;]<\/p>\n","protected":false},"author":1,"featured_media":30335,"comment_status":"closed","ping_status":"open","sticky":false,"template":"","format":"standard","meta":{"advanced_seo_description":"","jetpack_seo_html_title":"","jetpack_seo_noindex":false,"_jetpack_memberships_contains_paid_content":false,"footnotes":"","jetpack_publicize_message":"","jetpack_publicize_feature_enabled":true,"jetpack_social_post_already_shared":true,"jetpack_social_options":{"image_generator_settings":{"template":"highway","default_image_id":0,"font":"","enabled":false},"version":2}},"categories":[21,7],"tags":[22,23,43,320],"class_list":["post-30333","post","type-post","status-publish","format-standard","has-post-thumbnail","hentry","category-aguascalientes","category-pan-aguascalientes","tag-aguascalientes","tag-pan-aguascalientes","tag-pan-aguascalientes-cde","tag-tere-jimenez"],"jetpack_publicize_connections":[],"jetpack_featured_media_url":"https:\/\/i0.wp.com\/informativoelvalledeaguascalientes.online\/wp-content\/uploads\/2022\/04\/d8f71f6b-8e84-40fb-a6ae-77299afa1eb9.jpg?fit=1280%2C1280&ssl=1","jetpack-related-posts":[],"jetpack_sharing_enabled":true,"jetpack_likes_enabled":true,"_links":{"self":[{"href":"https:\/\/informativoelvalledeaguascalientes.online\/index.php?rest_route=\/wp\/v2\/posts\/30333","targetHints":{"allow":["GET"]}}],"collection":[{"href":"https:\/\/informativoelvalledeaguascalientes.online\/index.php?rest_route=\/wp\/v2\/posts"}],"about":[{"href":"https:\/\/informativoelvalledeaguascalientes.online\/index.php?rest_route=\/wp\/v2\/types\/post"}],"author":[{"embeddable":true,"href":"https:\/\/informativoelvalledeaguascalientes.online\/index.php?rest_route=\/wp\/v2\/users\/1"}],"replies":[{"embeddable":true,"href":"https:\/\/informativoelvalledeaguascalientes.online\/index.php?rest_route=%2Fwp%2Fv2%2Fcomments&post=30333"}],"version-history":[{"count":1,"href":"https:\/\/informativoelvalledeaguascalientes.online\/index.php?rest_route=\/wp\/v2\/posts\/30333\/revisions"}],"predecessor-version":[{"id":30336,"href":"https:\/\/informativoelvalledeaguascalientes.online\/index.php?rest_route=\/wp\/v2\/posts\/30333\/revisions\/30336"}],"wp:featuredmedia":[{"embeddable":true,"href":"https:\/\/informativoelvalledeaguascalientes.online\/index.php?rest_route=\/wp\/v2\/media\/30335"}],"wp:attachment":[{"href":"https:\/\/informativoelvalledeaguascalientes.online\/index.php?rest_route=%2Fwp%2Fv2%2Fmedia&parent=30333"}],"wp:term":[{"taxonomy":"category","embeddable":true,"href":"https:\/\/informativoelvalledeaguascalientes.online\/index.php?rest_route=%2Fwp%2Fv2%2Fcategories&post=30333"},{"taxonomy":"post_tag","embeddable":true,"href":"https:\/\/informativoelvalledeaguascalientes.online\/index.php?rest_route=%2Fwp%2Fv2%2Ftags&post=30333"}],"curies":[{"name":"wp","href":"https:\/\/api.w.org\/{rel}","templated":true}]}}