{"id":30323,"date":"2022-04-29T15:31:38","date_gmt":"2022-04-29T21:31:38","guid":{"rendered":"https:\/\/informativoelvalledeaguascalientes.online\/?p=30323"},"modified":"2022-04-29T15:31:38","modified_gmt":"2022-04-29T21:31:38","slug":"municipio-invita-a-festejar-el-dia-del-nino-en-el-corredor-cultural-carranza","status":"publish","type":"post","link":"https:\/\/informativoelvalledeaguascalientes.online\/?p=30323","title":{"rendered":"MUNICIPIO INVITA A FESTEJAR EL D\u00cdA DEL NI\u00d1O EN EL CORREDOR CULTURAL CARRANZA"},"content":{"rendered":"<ul>\n<li><strong>Este s\u00e1bado 30 de abril se llevar\u00e1n a cabo divertidas actividades de teatro, t\u00edteres,\u00a0 juegos y cuentos\u00a0<\/strong><\/li>\n<\/ul>\n<p>Para festejar el D\u00eda del Ni\u00f1o en 2022 el Instituto Municipal Aguascalentense para la Cultura (IMAC) invita este s\u00e1bado 30 de abril a disfrutar de las actividades especiales que el Corredor Cultural Carranza en la Feria de San Marcos tiene preparadas para los peque\u00f1os.<\/p>\n<p>El programa cultural estar\u00e1 conformado por:<\/p>\n<p><strong>Palacio Municipal:<\/strong><\/p>\n<ul>\n<li>Obra teatral \u201cCuento contigo\u201d, grupo de teatro y t\u00edteres a las 12:00hrs.<\/li>\n<\/ul>\n<p><strong>Escenario de Culturas Populares:<\/strong><\/p>\n<ul>\n<li>Espect\u00e1culo \u201cAguas con el Circo\u201d, a las 12:00hrs<\/li>\n<li>Marionetas Gio, a las 13:00hrs.<\/li>\n<li>La cuenta cuentos Eliud N\u00e1jera, a las 14:00hrs<\/li>\n<li>Reevoluci\u00f3n latente con sus cuentos prehisp\u00e1nicos musicalizados \u201cEl origen de nuestra tierra\u201d, a las 16:30hrs<\/li>\n<li>Grupo de rock Los Chinitos Comelones, a las 18:00hrs<\/li>\n<li>Compa\u00f1\u00eda Loter\u00eda Teatro con \u201cEl Principito\u201d, a las 19:00hrs<\/li>\n<\/ul>\n<p><strong>Escenario Principal:<\/strong><\/p>\n<ul>\n<li>Funci\u00f3n de teatro infantil presentada por Nubibeth, a las 20:00hrs<\/li>\n<li>Espect\u00e1culo de Jois, a las 21:00hrs<\/li>\n<\/ul>\n<p>A dem\u00e1s de las 16:00 a 18:30 horas se ofrecer\u00e1n talleres art\u00edsticos y de fomento a la lectura, cada actividad es totalmente gratuita.<\/p>\n<p>\u00a1Te esperamos!<\/p>\n","protected":false},"excerpt":{"rendered":"<p>Este s\u00e1bado 30 de abril se llevar\u00e1n a cabo divertidas actividades de teatro, t\u00edteres,\u00a0 juegos y cuentos\u00a0 Para festejar el D\u00eda del Ni\u00f1o en 2022 el Instituto Municipal Aguascalentense para la Cultura (IMAC) invita este s\u00e1bado 30 de abril a disfrutar de las actividades especiales que el Corredor Cultural Carranza en la Feria de San [&hellip;]<\/p>\n","protected":false},"author":1,"featured_media":30324,"comment_status":"closed","ping_status":"open","sticky":false,"template":"","format":"standard","meta":{"advanced_seo_description":"","jetpack_seo_html_title":"","jetpack_seo_noindex":false,"_jetpack_memberships_contains_paid_content":false,"footnotes":"","jetpack_publicize_message":"","jetpack_publicize_feature_enabled":true,"jetpack_social_post_already_shared":true,"jetpack_social_options":{"image_generator_settings":{"template":"highway","default_image_id":0,"font":"","enabled":false},"version":2}},"categories":[21,3],"tags":[22,25,118],"class_list":["post-30323","post","type-post","status-publish","format-standard","has-post-thumbnail","hentry","category-aguascalientes","category-municipio-aguascalientes","tag-aguascalientes","tag-mpio-aguascalientes","tag-mpio-aguascalientes-imac"],"jetpack_publicize_connections":[],"jetpack_featured_media_url":"https:\/\/i0.wp.com\/informativoelvalledeaguascalientes.online\/wp-content\/uploads\/2022\/04\/PROGRAMA-GENERAL-30-DE-ABRIL-CARRANZA-2022-01-scaled-1.jpg?fit=2487%2C2560&ssl=1","jetpack-related-posts":[],"jetpack_sharing_enabled":true,"jetpack_likes_enabled":true,"_links":{"self":[{"href":"https:\/\/informativoelvalledeaguascalientes.online\/index.php?rest_route=\/wp\/v2\/posts\/30323","targetHints":{"allow":["GET"]}}],"collection":[{"href":"https:\/\/informativoelvalledeaguascalientes.online\/index.php?rest_route=\/wp\/v2\/posts"}],"about":[{"href":"https:\/\/informativoelvalledeaguascalientes.online\/index.php?rest_route=\/wp\/v2\/types\/post"}],"author":[{"embeddable":true,"href":"https:\/\/informativoelvalledeaguascalientes.online\/index.php?rest_route=\/wp\/v2\/users\/1"}],"replies":[{"embeddable":true,"href":"https:\/\/informativoelvalledeaguascalientes.online\/index.php?rest_route=%2Fwp%2Fv2%2Fcomments&post=30323"}],"version-history":[{"count":1,"href":"https:\/\/informativoelvalledeaguascalientes.online\/index.php?rest_route=\/wp\/v2\/posts\/30323\/revisions"}],"predecessor-version":[{"id":30325,"href":"https:\/\/informativoelvalledeaguascalientes.online\/index.php?rest_route=\/wp\/v2\/posts\/30323\/revisions\/30325"}],"wp:featuredmedia":[{"embeddable":true,"href":"https:\/\/informativoelvalledeaguascalientes.online\/index.php?rest_route=\/wp\/v2\/media\/30324"}],"wp:attachment":[{"href":"https:\/\/informativoelvalledeaguascalientes.online\/index.php?rest_route=%2Fwp%2Fv2%2Fmedia&parent=30323"}],"wp:term":[{"taxonomy":"category","embeddable":true,"href":"https:\/\/informativoelvalledeaguascalientes.online\/index.php?rest_route=%2Fwp%2Fv2%2Fcategories&post=30323"},{"taxonomy":"post_tag","embeddable":true,"href":"https:\/\/informativoelvalledeaguascalientes.online\/index.php?rest_route=%2Fwp%2Fv2%2Ftags&post=30323"}],"curies":[{"name":"wp","href":"https:\/\/api.w.org\/{rel}","templated":true}]}}