{"id":30313,"date":"2022-04-29T15:08:45","date_gmt":"2022-04-29T21:08:45","guid":{"rendered":"https:\/\/informativoelvalledeaguascalientes.online\/?p=30313"},"modified":"2022-04-29T15:08:45","modified_gmt":"2022-04-29T21:08:45","slug":"celebrara-municipio-el-dia-internacional-de-la-danza-en-el-corredor-cultural-carranza","status":"publish","type":"post","link":"https:\/\/informativoelvalledeaguascalientes.online\/?p=30313","title":{"rendered":"CELEBRAR\u00c1 MUNICIPIO EL D\u00cdA INTERNACIONAL DE LA DANZA EN EL CORREDOR CULTURAL CARRANZA"},"content":{"rendered":"<p><strong>#informativoelvalledeaguascalientes , #novaradioaguascalientes<\/strong><\/p>\n<p>El Instituto Municipal Aguascalentense para la Cultura (IMAC) invita a disfrutar de las actividades que se realizar\u00e1n este viernes 29 de abril, en el Corredor Cultural Carranza, con motivo del D\u00eda Internacional de la Danza.<\/p>\n<p>En el Escenario de Culturas Populares participar\u00e1n Colibr\u00ed y Nantli,\u00a0\u00a0grupos de danza folcl\u00f3rica\u00a0\u00a0que surgen del programa de\u00a0\u00a0Unidades de Exploraci\u00f3n Art\u00edstica (UEA\u00b4s), en los talleres que se desarrollan en la Casa de Animaci\u00f3n Cultural Oriente.<\/p>\n<p>Colibr\u00ed es una compa\u00f1\u00eda conformada por adolescentes y ni\u00f1os que tienen una trayectoria de siete a\u00f1os. El grupo de danza folcl\u00f3rica Nantli, con cuatro a\u00f1os de haberse conformado, nace a petici\u00f3n de las mam\u00e1s de las y los ni\u00f1os de Colibr\u00ed, como un espacio de expresi\u00f3n art\u00edstica para ellas y actualmente lo conforman 25 integrantes.<\/p>\n<p>Ambas agrupaciones presentar\u00e1n un programa con estampas de Aguascalientes, Sinaloa, Yucat\u00e1n, Oaxaca, Jalisco, bajo la direcci\u00f3n del maestro\u00a0<strong>Carlos Alberto Hern\u00e1ndez Gonz\u00e1lez<\/strong>. Su participaci\u00f3n ser\u00e1 a las 17:00 horas.<\/p>\n<p>El Ballet folcl\u00f3rico Infantil y Juvenil Municipal Aztl\u00e1n, con 32 integrantes, presentar\u00e1 Bailes creativos de feria,\u00a0\u00a0\u00c9poca de las Haciendas, 30 novia, Boda de rancho y Tatemando tepetate, entre otros. El ballet es dirigido por la maestra\u00a0<strong>Diana Yuray Estrada<\/strong>. Su participaci\u00f3n ser\u00e1 a las 19:00 horas.<\/p>\n<p>Se presentar\u00e1n adem\u00e1s Colectivo Lunar, Instituto Art\u00edstico Daanz, Danzas Madrid, Ballet folkl\u00f3rico Agua Clara, Tribal Alabardas, Andrea D\u00edaz EntreLazo y Kilauea Hula Halau.<\/p>\n<p>El 29 de abril fue proclamado por la UNESCO, en 1982, como D\u00eda Internacional de la Danza, con el objetivo de homenajear a la danza como una disciplina de arte universal y diversa, reuniendo a todos los que han elegido esta forma de expresi\u00f3n sin barreras culturales, pol\u00edticas y \u00e9ticas. La fecha seleccionada corresponde al natalicio del bailar\u00edn y core\u00f3grafo\u00a0<strong>Jean-Georges Noverre<\/strong>.<\/p>\n","protected":false},"excerpt":{"rendered":"<p>#informativoelvalledeaguascalientes , #novaradioaguascalientes El Instituto Municipal Aguascalentense para la Cultura (IMAC) invita a disfrutar de las actividades que se realizar\u00e1n este viernes 29 de abril, en el Corredor Cultural Carranza, con motivo del D\u00eda Internacional de la Danza. En el Escenario de Culturas Populares participar\u00e1n Colibr\u00ed y Nantli,\u00a0\u00a0grupos de danza folcl\u00f3rica\u00a0\u00a0que surgen del programa de\u00a0\u00a0Unidades [&hellip;]<\/p>\n","protected":false},"author":1,"featured_media":30317,"comment_status":"closed","ping_status":"open","sticky":false,"template":"","format":"standard","meta":{"advanced_seo_description":"","jetpack_seo_html_title":"","jetpack_seo_noindex":false,"_jetpack_memberships_contains_paid_content":false,"footnotes":"","jetpack_publicize_message":"","jetpack_publicize_feature_enabled":true,"jetpack_social_post_already_shared":true,"jetpack_social_options":{"image_generator_settings":{"template":"highway","default_image_id":0,"font":"","enabled":false},"version":2}},"categories":[21,3],"tags":[22,25,118],"class_list":["post-30313","post","type-post","status-publish","format-standard","has-post-thumbnail","hentry","category-aguascalientes","category-municipio-aguascalientes","tag-aguascalientes","tag-mpio-aguascalientes","tag-mpio-aguascalientes-imac"],"jetpack_publicize_connections":[],"jetpack_featured_media_url":"https:\/\/i0.wp.com\/informativoelvalledeaguascalientes.online\/wp-content\/uploads\/2022\/04\/Dia-Internacional-de-la-Danza.jpg?fit=1275%2C1313&ssl=1","jetpack-related-posts":[],"jetpack_sharing_enabled":true,"jetpack_likes_enabled":true,"_links":{"self":[{"href":"https:\/\/informativoelvalledeaguascalientes.online\/index.php?rest_route=\/wp\/v2\/posts\/30313","targetHints":{"allow":["GET"]}}],"collection":[{"href":"https:\/\/informativoelvalledeaguascalientes.online\/index.php?rest_route=\/wp\/v2\/posts"}],"about":[{"href":"https:\/\/informativoelvalledeaguascalientes.online\/index.php?rest_route=\/wp\/v2\/types\/post"}],"author":[{"embeddable":true,"href":"https:\/\/informativoelvalledeaguascalientes.online\/index.php?rest_route=\/wp\/v2\/users\/1"}],"replies":[{"embeddable":true,"href":"https:\/\/informativoelvalledeaguascalientes.online\/index.php?rest_route=%2Fwp%2Fv2%2Fcomments&post=30313"}],"version-history":[{"count":1,"href":"https:\/\/informativoelvalledeaguascalientes.online\/index.php?rest_route=\/wp\/v2\/posts\/30313\/revisions"}],"predecessor-version":[{"id":30318,"href":"https:\/\/informativoelvalledeaguascalientes.online\/index.php?rest_route=\/wp\/v2\/posts\/30313\/revisions\/30318"}],"wp:featuredmedia":[{"embeddable":true,"href":"https:\/\/informativoelvalledeaguascalientes.online\/index.php?rest_route=\/wp\/v2\/media\/30317"}],"wp:attachment":[{"href":"https:\/\/informativoelvalledeaguascalientes.online\/index.php?rest_route=%2Fwp%2Fv2%2Fmedia&parent=30313"}],"wp:term":[{"taxonomy":"category","embeddable":true,"href":"https:\/\/informativoelvalledeaguascalientes.online\/index.php?rest_route=%2Fwp%2Fv2%2Fcategories&post=30313"},{"taxonomy":"post_tag","embeddable":true,"href":"https:\/\/informativoelvalledeaguascalientes.online\/index.php?rest_route=%2Fwp%2Fv2%2Ftags&post=30313"}],"curies":[{"name":"wp","href":"https:\/\/api.w.org\/{rel}","templated":true}]}}