{"id":30308,"date":"2022-04-29T14:58:44","date_gmt":"2022-04-29T20:58:44","guid":{"rendered":"https:\/\/informativoelvalledeaguascalientes.online\/?p=30308"},"modified":"2022-04-29T14:58:44","modified_gmt":"2022-04-29T20:58:44","slug":"se-instalo-el-comite-del-mausoleo-taurino-en-el-panteon-los-angeles","status":"publish","type":"post","link":"https:\/\/informativoelvalledeaguascalientes.online\/?p=30308","title":{"rendered":"SE INSTAL\u00d3 EL COMIT\u00c9 DEL MAUSOLEO TAURINO EN EL PANTE\u00d3N LOS \u00c1NGELES"},"content":{"rendered":"<p><strong>#informativoelvalledeaguascalientes , #novaradioaguascalientes<\/strong><\/p>\n<ul>\n<li><strong>En el Mausoleo se conmemora a aquellas figuras de la tauromaquia<\/strong><\/li>\n<\/ul>\n<p>Con la finalidad de conmemorar a las personalidades taurinas m\u00e1s importantes de la ciudad de Aguascalientes, la tarde de este mi\u00e9rcoles en presencia de autoridades municipales, as\u00ed como del historiador taurino\u00a0<strong>Adri\u00e1n S\u00e1nchez<\/strong>\u00a0y el Juez de Plaza,\u00a0<strong>C\u00e9sar Rogelio Guedim\u00edn<\/strong>, fue instalado el Comit\u00e9 del Mausoleo Taurino.<\/p>\n<p>El Mausoleo Taurino est\u00e1 dentro del Pante\u00f3n de Los \u00c1ngeles, en el tradicional Barrio de Guadalupe y se instaur\u00f3 en 2017 como un espacio dedicado a toreros locales fallecidos, ocupando los primeros nichos las figuras\u00a0<strong>Efr\u00e9n Adame y Rub\u00e9n Salazar<\/strong>, as\u00ed como el novillero\u00a0<strong>Juan Gallo<\/strong>\u00a0y el banderillero\u00a0<strong>Arturo Mu\u00f1oz \u00abLa Chicha\u00bb.<\/strong><\/p>\n<p>A trav\u00e9s de este comit\u00e9 se dar\u00e1 destino como \u00faltima morada a los restos mortales de toreros y personalidades destacadas de la tauromaquia.<\/p>\n","protected":false},"excerpt":{"rendered":"<p>#informativoelvalledeaguascalientes , #novaradioaguascalientes En el Mausoleo se conmemora a aquellas figuras de la tauromaquia Con la finalidad de conmemorar a las personalidades taurinas m\u00e1s importantes de la ciudad de Aguascalientes, la tarde de este mi\u00e9rcoles en presencia de autoridades municipales, as\u00ed como del historiador taurino\u00a0Adri\u00e1n S\u00e1nchez\u00a0y el Juez de Plaza,\u00a0C\u00e9sar Rogelio Guedim\u00edn, fue instalado el [&hellip;]<\/p>\n","protected":false},"author":1,"featured_media":30311,"comment_status":"closed","ping_status":"open","sticky":false,"template":"","format":"standard","meta":{"advanced_seo_description":"","jetpack_seo_html_title":"","jetpack_seo_noindex":false,"_jetpack_memberships_contains_paid_content":false,"footnotes":"","jetpack_publicize_message":"","jetpack_publicize_feature_enabled":true,"jetpack_social_post_already_shared":true,"jetpack_social_options":{"image_generator_settings":{"template":"highway","default_image_id":0,"font":"","enabled":false},"version":2}},"categories":[21,4],"tags":[22,25],"class_list":["post-30308","post","type-post","status-publish","format-standard","has-post-thumbnail","hentry","category-aguascalientes","category-gobierno-del-estado-aguascalientes","tag-aguascalientes","tag-mpio-aguascalientes"],"jetpack_publicize_connections":[],"jetpack_featured_media_url":"https:\/\/i0.wp.com\/informativoelvalledeaguascalientes.online\/wp-content\/uploads\/2022\/04\/IMG_5314-scaled-1.jpg?fit=2560%2C1708&ssl=1","jetpack-related-posts":[],"jetpack_sharing_enabled":true,"jetpack_likes_enabled":true,"_links":{"self":[{"href":"https:\/\/informativoelvalledeaguascalientes.online\/index.php?rest_route=\/wp\/v2\/posts\/30308","targetHints":{"allow":["GET"]}}],"collection":[{"href":"https:\/\/informativoelvalledeaguascalientes.online\/index.php?rest_route=\/wp\/v2\/posts"}],"about":[{"href":"https:\/\/informativoelvalledeaguascalientes.online\/index.php?rest_route=\/wp\/v2\/types\/post"}],"author":[{"embeddable":true,"href":"https:\/\/informativoelvalledeaguascalientes.online\/index.php?rest_route=\/wp\/v2\/users\/1"}],"replies":[{"embeddable":true,"href":"https:\/\/informativoelvalledeaguascalientes.online\/index.php?rest_route=%2Fwp%2Fv2%2Fcomments&post=30308"}],"version-history":[{"count":1,"href":"https:\/\/informativoelvalledeaguascalientes.online\/index.php?rest_route=\/wp\/v2\/posts\/30308\/revisions"}],"predecessor-version":[{"id":30312,"href":"https:\/\/informativoelvalledeaguascalientes.online\/index.php?rest_route=\/wp\/v2\/posts\/30308\/revisions\/30312"}],"wp:featuredmedia":[{"embeddable":true,"href":"https:\/\/informativoelvalledeaguascalientes.online\/index.php?rest_route=\/wp\/v2\/media\/30311"}],"wp:attachment":[{"href":"https:\/\/informativoelvalledeaguascalientes.online\/index.php?rest_route=%2Fwp%2Fv2%2Fmedia&parent=30308"}],"wp:term":[{"taxonomy":"category","embeddable":true,"href":"https:\/\/informativoelvalledeaguascalientes.online\/index.php?rest_route=%2Fwp%2Fv2%2Fcategories&post=30308"},{"taxonomy":"post_tag","embeddable":true,"href":"https:\/\/informativoelvalledeaguascalientes.online\/index.php?rest_route=%2Fwp%2Fv2%2Ftags&post=30308"}],"curies":[{"name":"wp","href":"https:\/\/api.w.org\/{rel}","templated":true}]}}