{"id":30302,"date":"2022-04-29T14:54:34","date_gmt":"2022-04-29T20:54:34","guid":{"rendered":"https:\/\/informativoelvalledeaguascalientes.online\/?p=30302"},"modified":"2022-04-29T14:54:34","modified_gmt":"2022-04-29T20:54:34","slug":"el-artista-urbano-don-ferro-ferrocarrilero-visito-el-miercoles-ciudadano","status":"publish","type":"post","link":"https:\/\/informativoelvalledeaguascalientes.online\/?p=30302","title":{"rendered":"EL ARTISTA URBANO \u201cDON FERRO FERROCARRILERO\u201d VISIT\u00d3 EL MI\u00c9RCOLES CIUDADANO"},"content":{"rendered":"<p><strong>#informativoelvalledeaguascalientes , #novaradioaguascalientes<br \/>\n<\/strong><\/p>\n<p>En el marco del mi\u00e9rcoles ciudadano, se recibi\u00f3 la visita de cortes\u00eda de \u201cDon Ferro Ferrocarrilero\u201d, uno de los\u00a0 artistas urbanos que recorren todos los d\u00edas el\u00a0 Corredor Cultural Carranza; ha participado en festivales y foros nacionales e internacionales, en pel\u00edculas, documentales y videos musicales. Pr\u00f3ximamente viajar\u00e1 a Europa, por segunda ocasi\u00f3n\u00a0 al\u00a0 \u201cWorld Living Statues Festival\u201d.<\/p>\n<p>En el Corredor Cultural Carranza participan 40 artistas de Aguascalientes y de distintos estados; personajes caracterizados de ferrocarrileros, revolucionarios, piratas, superh\u00e9roes, de animaciones y pel\u00edculas. Se presentan artistas circenses, actos de t\u00edteres y marionetas; grupos musicales, bandas de aliento, batucadas, m\u00fasica africana y son jarocho.<\/p>\n<p>Familias y visitantes se toman fotograf\u00edas con ellos y se deleitan con las escenificaciones y presentaciones que realizan\u00a0 durante el d\u00eda en el Corredor, en el tramo que comprende desde la calle Galena hasta el Jard\u00edn de San Marcos.<\/p>\n<p>Cabe mencionar que como cada semana la ciudadan\u00eda que acudi\u00f3 al programa Mi\u00e9rcoles Ciudadano fue atendida por los titulares de las diferentes \u00e1reas que integran a la administraci\u00f3n municipal recibiendo y dando respuesta a sus\u00a0 solicitudes y reportes.<\/p>\n<p>Asimismo, como medida de protecci\u00f3n a la salud se continu\u00f3 en este espacio con la jornada de vacunaci\u00f3n contra el Covid-19, para personas mayores de 18 a\u00f1os.<\/p>\n","protected":false},"excerpt":{"rendered":"<p>#informativoelvalledeaguascalientes , #novaradioaguascalientes En el marco del mi\u00e9rcoles ciudadano, se recibi\u00f3 la visita de cortes\u00eda de \u201cDon Ferro Ferrocarrilero\u201d, uno de los\u00a0 artistas urbanos que recorren todos los d\u00edas el\u00a0 Corredor Cultural Carranza; ha participado en festivales y foros nacionales e internacionales, en pel\u00edculas, documentales y videos musicales. Pr\u00f3ximamente viajar\u00e1 a Europa, por segunda ocasi\u00f3n\u00a0 [&hellip;]<\/p>\n","protected":false},"author":1,"featured_media":30309,"comment_status":"closed","ping_status":"open","sticky":false,"template":"","format":"standard","meta":{"advanced_seo_description":"","jetpack_seo_html_title":"","jetpack_seo_noindex":false,"_jetpack_memberships_contains_paid_content":false,"footnotes":"","jetpack_publicize_message":"","jetpack_publicize_feature_enabled":true,"jetpack_social_post_already_shared":true,"jetpack_social_options":{"image_generator_settings":{"template":"highway","default_image_id":0,"font":"","enabled":false},"version":2}},"categories":[21,3],"tags":[22,25],"class_list":["post-30302","post","type-post","status-publish","format-standard","has-post-thumbnail","hentry","category-aguascalientes","category-municipio-aguascalientes","tag-aguascalientes","tag-mpio-aguascalientes"],"jetpack_publicize_connections":[],"jetpack_featured_media_url":"https:\/\/i0.wp.com\/informativoelvalledeaguascalientes.online\/wp-content\/uploads\/2022\/04\/WhatsApp-Image-2022-04-27-at-12.03.02-PM-1.jpeg?fit=1600%2C1200&ssl=1","jetpack-related-posts":[],"jetpack_sharing_enabled":true,"jetpack_likes_enabled":true,"_links":{"self":[{"href":"https:\/\/informativoelvalledeaguascalientes.online\/index.php?rest_route=\/wp\/v2\/posts\/30302","targetHints":{"allow":["GET"]}}],"collection":[{"href":"https:\/\/informativoelvalledeaguascalientes.online\/index.php?rest_route=\/wp\/v2\/posts"}],"about":[{"href":"https:\/\/informativoelvalledeaguascalientes.online\/index.php?rest_route=\/wp\/v2\/types\/post"}],"author":[{"embeddable":true,"href":"https:\/\/informativoelvalledeaguascalientes.online\/index.php?rest_route=\/wp\/v2\/users\/1"}],"replies":[{"embeddable":true,"href":"https:\/\/informativoelvalledeaguascalientes.online\/index.php?rest_route=%2Fwp%2Fv2%2Fcomments&post=30302"}],"version-history":[{"count":1,"href":"https:\/\/informativoelvalledeaguascalientes.online\/index.php?rest_route=\/wp\/v2\/posts\/30302\/revisions"}],"predecessor-version":[{"id":30310,"href":"https:\/\/informativoelvalledeaguascalientes.online\/index.php?rest_route=\/wp\/v2\/posts\/30302\/revisions\/30310"}],"wp:featuredmedia":[{"embeddable":true,"href":"https:\/\/informativoelvalledeaguascalientes.online\/index.php?rest_route=\/wp\/v2\/media\/30309"}],"wp:attachment":[{"href":"https:\/\/informativoelvalledeaguascalientes.online\/index.php?rest_route=%2Fwp%2Fv2%2Fmedia&parent=30302"}],"wp:term":[{"taxonomy":"category","embeddable":true,"href":"https:\/\/informativoelvalledeaguascalientes.online\/index.php?rest_route=%2Fwp%2Fv2%2Fcategories&post=30302"},{"taxonomy":"post_tag","embeddable":true,"href":"https:\/\/informativoelvalledeaguascalientes.online\/index.php?rest_route=%2Fwp%2Fv2%2Ftags&post=30302"}],"curies":[{"name":"wp","href":"https:\/\/api.w.org\/{rel}","templated":true}]}}