{"id":30301,"date":"2022-04-29T14:43:11","date_gmt":"2022-04-29T20:43:11","guid":{"rendered":"https:\/\/informativoelvalledeaguascalientes.online\/?p=30301"},"modified":"2022-04-29T14:43:11","modified_gmt":"2022-04-29T20:43:11","slug":"iaju-instala-comite-estatal-de-las-juventudes","status":"publish","type":"post","link":"https:\/\/informativoelvalledeaguascalientes.online\/?p=30301","title":{"rendered":"IAJU INSTALA COMIT\u00c9 ESTATAL DE LAS JUVENTUDES"},"content":{"rendered":"<p dir=\"ltr\">\n<p><strong>#informativoelvalledeaguascalientes , #novaradioaguascalientes<\/strong><\/p>\n<p dir=\"ltr\">Con el fin de dar voz y fomentar la participaci\u00f3n de las juventudes en la generaci\u00f3n de pol\u00edticas p\u00fablicas, el Instituto Aguascalentense de la Juventud (IAJU), conforma el Consejo Estatal de la Juventud (CEJA).<\/p>\n<p>&nbsp;<\/p>\n<p dir=\"ltr\">Ruth Guzm\u00e1n Cuevas, titular de IAJU, mencion\u00f3 que la conformaci\u00f3n del CEJA tiene como objetivo brindar un espacio en el que las y los j\u00f3venes puedan participar activamente en la toma de decisiones y en la formulaci\u00f3n de pol\u00edticas p\u00fablicas, buscando que sus intereses se vean representados y sus necesidades satisfechas, contribuyendo as\u00ed al ejercicio de gobernanza.<\/p>\n<p>&nbsp;<\/p>\n<p dir=\"ltr\">Se\u00f1al\u00f3 que este Consejo no tiene precedente en Aguascalientes y se crea gracias a la alianza entre el poder Ejecutivo y el poder Legislativo, que trabajar\u00e1n en conjunto creando pol\u00edticas p\u00fablicas, programas y actividades que impacten a las y los j\u00f3venes.<\/p>\n<p>&nbsp;<\/p>\n<p dir=\"ltr\">Cabe destacar que el CEJA se encuentra contemplado en la Ley de la Juventud del Estado de Aguascalientes, y se realizar\u00e1n sesiones trimestrales, donde se presentar\u00e1, a partir de la siguiente sesi\u00f3n (en julio del presente a\u00f1o) un plan de trabajo con propuestas de cada una de las instancias municipales.<\/p>\n<p dir=\"ltr\">\n<p dir=\"ltr\">Est\u00e1 conformado por la presidente, Ruth Guzm\u00e1n, titular de IAJU; el vicepresidente, el Dip. Juan Carlos Regalado Ugarte; Secretario T\u00e9cnico, Armando Vilchis, director de Vinculaci\u00f3n y Enlace Municipal de IAJU; 11 Vocales, que son los Titulares de las Dependencias Municipales en materia de juventud y dos j\u00f3venes con reconocida trayectoria en el \u00e1mbito acad\u00e9mico o social, designados por el Congreso del Estado.<\/p>\n<p>&nbsp;<\/p>\n<p dir=\"ltr\">Por su parte, Juan Carlos Regalado Ugarte Regalado, diputado de la Comisi\u00f3n de las Juventudes, mencion\u00f3 que se mantendr\u00e1 el compromiso de trabajar de la mano en beneficio del desarrollo integral de las y los j\u00f3venes de Aguascalientes.<\/p>\n","protected":false},"excerpt":{"rendered":"<p>#informativoelvalledeaguascalientes , #novaradioaguascalientes Con el fin de dar voz y fomentar la participaci\u00f3n de las juventudes en la generaci\u00f3n de pol\u00edticas p\u00fablicas, el Instituto Aguascalentense de la Juventud (IAJU), conforma el Consejo Estatal de la Juventud (CEJA). &nbsp; Ruth Guzm\u00e1n Cuevas, titular de IAJU, mencion\u00f3 que la conformaci\u00f3n del CEJA tiene como objetivo brindar un [&hellip;]<\/p>\n","protected":false},"author":1,"featured_media":30303,"comment_status":"closed","ping_status":"open","sticky":false,"template":"","format":"standard","meta":{"advanced_seo_description":"","jetpack_seo_html_title":"","jetpack_seo_noindex":false,"_jetpack_memberships_contains_paid_content":false,"footnotes":"","jetpack_publicize_message":"","jetpack_publicize_feature_enabled":true,"jetpack_social_post_already_shared":true,"jetpack_social_options":{"image_generator_settings":{"template":"highway","default_image_id":0,"font":"","enabled":false},"version":2}},"categories":[21,4],"tags":[22,35],"class_list":["post-30301","post","type-post","status-publish","format-standard","has-post-thumbnail","hentry","category-aguascalientes","category-gobierno-del-estado-aguascalientes","tag-aguascalientes","tag-iaju"],"jetpack_publicize_connections":[],"jetpack_featured_media_url":"https:\/\/i0.wp.com\/informativoelvalledeaguascalientes.online\/wp-content\/uploads\/2022\/04\/WhatsApp-Image-2022-04-29-at-1.18.38-PM.jpeg?fit=1024%2C683&ssl=1","jetpack-related-posts":[],"jetpack_sharing_enabled":true,"jetpack_likes_enabled":true,"_links":{"self":[{"href":"https:\/\/informativoelvalledeaguascalientes.online\/index.php?rest_route=\/wp\/v2\/posts\/30301","targetHints":{"allow":["GET"]}}],"collection":[{"href":"https:\/\/informativoelvalledeaguascalientes.online\/index.php?rest_route=\/wp\/v2\/posts"}],"about":[{"href":"https:\/\/informativoelvalledeaguascalientes.online\/index.php?rest_route=\/wp\/v2\/types\/post"}],"author":[{"embeddable":true,"href":"https:\/\/informativoelvalledeaguascalientes.online\/index.php?rest_route=\/wp\/v2\/users\/1"}],"replies":[{"embeddable":true,"href":"https:\/\/informativoelvalledeaguascalientes.online\/index.php?rest_route=%2Fwp%2Fv2%2Fcomments&post=30301"}],"version-history":[{"count":1,"href":"https:\/\/informativoelvalledeaguascalientes.online\/index.php?rest_route=\/wp\/v2\/posts\/30301\/revisions"}],"predecessor-version":[{"id":30304,"href":"https:\/\/informativoelvalledeaguascalientes.online\/index.php?rest_route=\/wp\/v2\/posts\/30301\/revisions\/30304"}],"wp:featuredmedia":[{"embeddable":true,"href":"https:\/\/informativoelvalledeaguascalientes.online\/index.php?rest_route=\/wp\/v2\/media\/30303"}],"wp:attachment":[{"href":"https:\/\/informativoelvalledeaguascalientes.online\/index.php?rest_route=%2Fwp%2Fv2%2Fmedia&parent=30301"}],"wp:term":[{"taxonomy":"category","embeddable":true,"href":"https:\/\/informativoelvalledeaguascalientes.online\/index.php?rest_route=%2Fwp%2Fv2%2Fcategories&post=30301"},{"taxonomy":"post_tag","embeddable":true,"href":"https:\/\/informativoelvalledeaguascalientes.online\/index.php?rest_route=%2Fwp%2Fv2%2Ftags&post=30301"}],"curies":[{"name":"wp","href":"https:\/\/api.w.org\/{rel}","templated":true}]}}