{"id":30291,"date":"2022-04-29T14:39:16","date_gmt":"2022-04-29T20:39:16","guid":{"rendered":"https:\/\/informativoelvalledeaguascalientes.online\/?p=30291"},"modified":"2022-04-29T14:40:17","modified_gmt":"2022-04-29T20:40:17","slug":"retorno-a-las-aulas-sera-100-presencial-mos","status":"publish","type":"post","link":"https:\/\/informativoelvalledeaguascalientes.online\/?p=30291","title":{"rendered":"RETORNO A LAS AULAS SER\u00c1 100% PRESENCIAL: MOS"},"content":{"rendered":"<p><strong>#informativoelvalledeaguascalientes , #novaradioaguascalientes<br \/>\n<\/strong><\/p>\n<ul>\n<li dir=\"ltr\">\n<p dir=\"ltr\" role=\"presentation\">El pr\u00f3ximo lunes 2 de mayo las y los alumnos de todos los niveles educativos, de planteles p\u00fablicos y privados regresar\u00e1n a las aulas<\/p>\n<\/li>\n<li dir=\"ltr\">\n<p dir=\"ltr\" role=\"presentation\">Se public\u00f3 un decreto en el Peri\u00f3dico Oficial del Estado de Aguascalientes en el que se especifican los lineamientos que las instituciones deber\u00e1n de seguir<\/p>\n<\/li>\n<\/ul>\n<p>&nbsp;<\/p>\n<p dir=\"ltr\">Despu\u00e9s del periodo vacacional ni\u00f1as, ni\u00f1os, adolescentes y j\u00f3venes regresar\u00e1n a las aulas de manera presencial el pr\u00f3ximo lunes dos de mayo, as\u00ed lo anunci\u00f3 el gobernador del estado, destacando que debido a la baja en los indicadores de la pandemia que reporta la Secretar\u00eda de Salud existen las condiciones para el retorno total en Aguascalientes todos los d\u00edas, todos los alumnos y toda la jornada.<\/p>\n<p>&nbsp;<\/p>\n<p dir=\"ltr\">Acompa\u00f1ado por Ulises Reyes Esparza, titular del IEA; Jos\u00e9 Juan Navarro Reyes, vicepresidente de la Asociaci\u00f3n Estatal de Padres de Familia; as\u00ed como de Adri\u00e1n Gerardo Rodr\u00edguez S\u00e1nchez, titular de la Oficina de Enlace Educativo de la SEP en Aguascalientes, el gobernador se\u00f1al\u00f3 que en el decreto emitido en el Peri\u00f3dico Oficial del Estado de Aguascalientes (POE) se especifica que todos los niveles de educaci\u00f3n deber\u00e1n regresar en su totalidad de manera presencial tanto del sector p\u00fablico, como del privado.<\/p>\n<p>&nbsp;<\/p>\n<p dir=\"ltr\">Para que los recintos escolares puedan garantizar un retorno seguro a las aulas, se deber\u00e1n seguir los lineamientos establecidos en el POE, asegur\u00f3 el mandatario, entre ellos se encuentran que los espacios f\u00edsicos donde se impartan las clases deber\u00e1n de contar con la ventilaci\u00f3n adecuada que permitan el intercambio de aire limpio de manera continua.<\/p>\n<p>&nbsp;<\/p>\n<p dir=\"ltr\">Orozco Sandoval coment\u00f3 que las sesiones de trabajo deber\u00e1n tener una duraci\u00f3n m\u00e1xima de 50 minutos por clase y al t\u00e9rmino de ellas, las y los alumnos saldr\u00e1n del aula para permitir el flujo del aire, esperando 10 minutos en los que se realizar\u00e1n labores de desinfecci\u00f3n para despu\u00e9s retomar sus actividades acad\u00e9micas.<\/p>\n<p>&nbsp;<\/p>\n<p dir=\"ltr\">Agreg\u00f3 que todas y todos los integrantes de la comunidad educativa deber\u00e1n portar correctamente el cubrebocas, y se deber\u00e1n de seguir los controles de acceso a los planteles, en los cuales se incluye proporcionar alcohol en gel, la toma de temperatura corporal y el lavado frecuente de manos.<\/p>\n<p>&nbsp;<\/p>\n<p dir=\"ltr\">Cabe se\u00f1alar que ante la aparici\u00f3n de un caso sospechoso o confirmado de la enfermedad en uno o varios integrantes de determinado grupo, incluido el personal docente, se recomienda el resguardo por 7 d\u00edas naturales de dichos integrantes.<\/p>\n<p>&nbsp;<\/p>\n<p dir=\"ltr\">Finalmente, Mart\u00edn Orozco se\u00f1al\u00f3 que se dar\u00e1 puntual seguimiento a los planteles educativos, a trav\u00e9s del Instituto de Educaci\u00f3n de Aguascalientes, para que alumnas y alumnos puedan regresar a las aulas con la certeza y seguridad de que el cuidado de su salud ser\u00e1 prioridad.<\/p>\n<p>&nbsp;<\/p>\n<p dir=\"ltr\">\u2013ooOoo\u2013<\/p>\n","protected":false},"excerpt":{"rendered":"<p>#informativoelvalledeaguascalientes , #novaradioaguascalientes El pr\u00f3ximo lunes 2 de mayo las y los alumnos de todos los niveles educativos, de planteles p\u00fablicos y privados regresar\u00e1n a las aulas Se public\u00f3 un decreto en el Peri\u00f3dico Oficial del Estado de Aguascalientes en el que se especifican los lineamientos que las instituciones deber\u00e1n de seguir &nbsp; Despu\u00e9s del [&hellip;]<\/p>\n","protected":false},"author":1,"featured_media":30296,"comment_status":"closed","ping_status":"open","sticky":false,"template":"","format":"standard","meta":{"advanced_seo_description":"","jetpack_seo_html_title":"","jetpack_seo_noindex":false,"_jetpack_memberships_contains_paid_content":false,"footnotes":"","jetpack_publicize_message":"","jetpack_publicize_feature_enabled":true,"jetpack_social_post_already_shared":true,"jetpack_social_options":{"image_generator_settings":{"template":"highway","default_image_id":0,"font":"","enabled":false},"version":2}},"categories":[21,4],"tags":[22,39,31],"class_list":["post-30291","post","type-post","status-publish","format-standard","has-post-thumbnail","hentry","category-aguascalientes","category-gobierno-del-estado-aguascalientes","tag-aguascalientes","tag-iea","tag-mos"],"jetpack_publicize_connections":[],"jetpack_featured_media_url":"https:\/\/i0.wp.com\/informativoelvalledeaguascalientes.online\/wp-content\/uploads\/2022\/04\/WhatsApp-Image-2022-04-29-at-12.25.12-PM.jpeg?fit=1280%2C853&ssl=1","jetpack-related-posts":[],"jetpack_sharing_enabled":true,"jetpack_likes_enabled":true,"_links":{"self":[{"href":"https:\/\/informativoelvalledeaguascalientes.online\/index.php?rest_route=\/wp\/v2\/posts\/30291","targetHints":{"allow":["GET"]}}],"collection":[{"href":"https:\/\/informativoelvalledeaguascalientes.online\/index.php?rest_route=\/wp\/v2\/posts"}],"about":[{"href":"https:\/\/informativoelvalledeaguascalientes.online\/index.php?rest_route=\/wp\/v2\/types\/post"}],"author":[{"embeddable":true,"href":"https:\/\/informativoelvalledeaguascalientes.online\/index.php?rest_route=\/wp\/v2\/users\/1"}],"replies":[{"embeddable":true,"href":"https:\/\/informativoelvalledeaguascalientes.online\/index.php?rest_route=%2Fwp%2Fv2%2Fcomments&post=30291"}],"version-history":[{"count":2,"href":"https:\/\/informativoelvalledeaguascalientes.online\/index.php?rest_route=\/wp\/v2\/posts\/30291\/revisions"}],"predecessor-version":[{"id":30299,"href":"https:\/\/informativoelvalledeaguascalientes.online\/index.php?rest_route=\/wp\/v2\/posts\/30291\/revisions\/30299"}],"wp:featuredmedia":[{"embeddable":true,"href":"https:\/\/informativoelvalledeaguascalientes.online\/index.php?rest_route=\/wp\/v2\/media\/30296"}],"wp:attachment":[{"href":"https:\/\/informativoelvalledeaguascalientes.online\/index.php?rest_route=%2Fwp%2Fv2%2Fmedia&parent=30291"}],"wp:term":[{"taxonomy":"category","embeddable":true,"href":"https:\/\/informativoelvalledeaguascalientes.online\/index.php?rest_route=%2Fwp%2Fv2%2Fcategories&post=30291"},{"taxonomy":"post_tag","embeddable":true,"href":"https:\/\/informativoelvalledeaguascalientes.online\/index.php?rest_route=%2Fwp%2Fv2%2Ftags&post=30291"}],"curies":[{"name":"wp","href":"https:\/\/api.w.org\/{rel}","templated":true}]}}