{"id":30282,"date":"2022-04-29T14:17:56","date_gmt":"2022-04-29T20:17:56","guid":{"rendered":"https:\/\/informativoelvalledeaguascalientes.online\/?p=30282"},"modified":"2022-04-29T14:17:56","modified_gmt":"2022-04-29T20:17:56","slug":"aguascalientes-en-el-top-ten-de-entidades-con-mayor-cobertura-de-refuerzos-de-la-vacuna-contra-el-covid-19","status":"publish","type":"post","link":"https:\/\/informativoelvalledeaguascalientes.online\/?p=30282","title":{"rendered":"AGUASCALIENTES EN EL TOP TEN DE ENTIDADES CON MAYOR COBERTURA DE REFUERZOS DE LA VACUNA CONTRA EL COVID-19"},"content":{"rendered":"<p dir=\"ltr\">\n<p><strong>#informativoelvalledeaguascalientes , #novaradioaguascalientes<\/strong><\/p>\n<ul>\n<li dir=\"ltr\">\n<p dir=\"ltr\" role=\"presentation\">Se encuentra abierto el registro para la aplicaci\u00f3n de vacunas contra el Covid-19 para menores de 12 a\u00f1os y m\u00e1s sin comorbilidades<\/p>\n<\/li>\n<li dir=\"ltr\">\n<p dir=\"ltr\" role=\"presentation\">Se recuerda a la poblaci\u00f3n en general que siguen abiertas las campa\u00f1as de vacunaci\u00f3n para mayores de 18 a\u00f1os en distintos centros de salud y hospitales del estado<\/p>\n<\/li>\n<\/ul>\n<p>&nbsp;<\/p>\n<p dir=\"ltr\">Aguascalientes es una de las entidades del pa\u00eds con mayor n\u00famero de habitantes vacunados contra el SARS-CoV-2, pues de acuerdo a la Secretar\u00eda de Salud Federal se coloca en el sexto lugar en cobertura de refuerzos de vacuna contra el Covid-19 en personas de 18 a\u00f1os y m\u00e1s (con el 66 por ciento); as\u00ed lo dio a conocer el gobernador del estado, Mart\u00edn Orozco Sandoval.<\/p>\n<p>&nbsp;<\/p>\n<p dir=\"ltr\">En ese sentido, el mandatario asegur\u00f3 que es de suma importancia que la inmunizaci\u00f3n contin\u00fae, para seguir siendo ejemplo a nivel nacional; por lo que llam\u00f3 a madres y padres de familia a ingresar al sitio <a href=\"http:\/\/mivacuna.salud.gob.mx\/\" target=\"_blank\" rel=\"noopener\" data-saferedirecturl=\"https:\/\/www.google.com\/url?q=http:\/\/mivacuna.salud.gob.mx&amp;source=gmail&amp;ust=1651347715241000&amp;usg=AOvVaw1auSyNBNIkhBIXrhi5KXtY\">mivacuna.salud.gob.mx<\/a> en el que ya se encuentra habilitado el registro para vacunar a menores de 12 a\u00f1os o m\u00e1s, sin comorbilidades.<\/p>\n<p>&nbsp;<\/p>\n<p dir=\"ltr\">Orozco Sandoval explic\u00f3 que una vez que la federaci\u00f3n env\u00ede los biol\u00f3gicos para este sector poblacional, se iniciar\u00e1 de inmediato con la aplicaci\u00f3n, por lo que se anunciar\u00e1n las fechas y m\u00f3dulos de vacunaci\u00f3n que se habilitar\u00e1n durante las pr\u00f3ximas semanas.<\/p>\n<p>&nbsp;<\/p>\n<p dir=\"ltr\">Cabe se\u00f1alar que el registro para personas de 12 a\u00f1os o m\u00e1s se lleva a cabo en el sitio <a href=\"http:\/\/mivacuna.salud.gob.mx\/\" target=\"_blank\" rel=\"noopener\" data-saferedirecturl=\"https:\/\/www.google.com\/url?q=http:\/\/mivacuna.salud.gob.mx&amp;source=gmail&amp;ust=1651347715241000&amp;usg=AOvVaw1auSyNBNIkhBIXrhi5KXtY\">mivacuna.salud.gob.mx<\/a> y se debe ingresar la Clave \u00danica de Registro de Poblaci\u00f3n (CURP).<\/p>\n<p>&nbsp;<\/p>\n<p dir=\"ltr\">Por \u00faltimo, el gobernador Mart\u00edn Orozco record\u00f3 que para mayores de 18 a\u00f1os actualmente hay diversas jornadas de vacunaci\u00f3n para recibir la primera y segunda dosis, as\u00ed como la de refuerzo y en el caso de mayores de 60 a\u00f1os, el segundo refuerzo en los 83 centros de salud del ISSEA y hospitales del estado.<\/p>\n<p>&nbsp;<\/p>\n<p dir=\"ltr\">\u2013ooOoo\u2013<\/p>\n","protected":false},"excerpt":{"rendered":"<p>#informativoelvalledeaguascalientes , #novaradioaguascalientes Se encuentra abierto el registro para la aplicaci\u00f3n de vacunas contra el Covid-19 para menores de 12 a\u00f1os y m\u00e1s sin comorbilidades Se recuerda a la poblaci\u00f3n en general que siguen abiertas las campa\u00f1as de vacunaci\u00f3n para mayores de 18 a\u00f1os en distintos centros de salud y hospitales del estado &nbsp; Aguascalientes [&hellip;]<\/p>\n","protected":false},"author":1,"featured_media":30286,"comment_status":"closed","ping_status":"open","sticky":false,"template":"","format":"standard","meta":{"advanced_seo_description":"","jetpack_seo_html_title":"","jetpack_seo_noindex":false,"_jetpack_memberships_contains_paid_content":false,"footnotes":"","jetpack_publicize_message":"","jetpack_publicize_feature_enabled":true,"jetpack_social_post_already_shared":true,"jetpack_social_options":{"image_generator_settings":{"template":"highway","default_image_id":0,"font":"","enabled":false},"version":2}},"categories":[21,4],"tags":[22,30],"class_list":["post-30282","post","type-post","status-publish","format-standard","has-post-thumbnail","hentry","category-aguascalientes","category-gobierno-del-estado-aguascalientes","tag-aguascalientes","tag-issea"],"jetpack_publicize_connections":[],"jetpack_featured_media_url":"https:\/\/i0.wp.com\/informativoelvalledeaguascalientes.online\/wp-content\/uploads\/2022\/04\/WhatsApp-Image-2022-04-28-at-3.07.00-PM.jpeg?fit=1280%2C853&ssl=1","jetpack-related-posts":[],"jetpack_sharing_enabled":true,"jetpack_likes_enabled":true,"_links":{"self":[{"href":"https:\/\/informativoelvalledeaguascalientes.online\/index.php?rest_route=\/wp\/v2\/posts\/30282","targetHints":{"allow":["GET"]}}],"collection":[{"href":"https:\/\/informativoelvalledeaguascalientes.online\/index.php?rest_route=\/wp\/v2\/posts"}],"about":[{"href":"https:\/\/informativoelvalledeaguascalientes.online\/index.php?rest_route=\/wp\/v2\/types\/post"}],"author":[{"embeddable":true,"href":"https:\/\/informativoelvalledeaguascalientes.online\/index.php?rest_route=\/wp\/v2\/users\/1"}],"replies":[{"embeddable":true,"href":"https:\/\/informativoelvalledeaguascalientes.online\/index.php?rest_route=%2Fwp%2Fv2%2Fcomments&post=30282"}],"version-history":[{"count":1,"href":"https:\/\/informativoelvalledeaguascalientes.online\/index.php?rest_route=\/wp\/v2\/posts\/30282\/revisions"}],"predecessor-version":[{"id":30287,"href":"https:\/\/informativoelvalledeaguascalientes.online\/index.php?rest_route=\/wp\/v2\/posts\/30282\/revisions\/30287"}],"wp:featuredmedia":[{"embeddable":true,"href":"https:\/\/informativoelvalledeaguascalientes.online\/index.php?rest_route=\/wp\/v2\/media\/30286"}],"wp:attachment":[{"href":"https:\/\/informativoelvalledeaguascalientes.online\/index.php?rest_route=%2Fwp%2Fv2%2Fmedia&parent=30282"}],"wp:term":[{"taxonomy":"category","embeddable":true,"href":"https:\/\/informativoelvalledeaguascalientes.online\/index.php?rest_route=%2Fwp%2Fv2%2Fcategories&post=30282"},{"taxonomy":"post_tag","embeddable":true,"href":"https:\/\/informativoelvalledeaguascalientes.online\/index.php?rest_route=%2Fwp%2Fv2%2Ftags&post=30282"}],"curies":[{"name":"wp","href":"https:\/\/api.w.org\/{rel}","templated":true}]}}