{"id":30264,"date":"2022-04-28T13:02:00","date_gmt":"2022-04-28T19:02:00","guid":{"rendered":"https:\/\/informativoelvalledeaguascalientes.online\/?p=30264"},"modified":"2022-04-28T13:02:00","modified_gmt":"2022-04-28T19:02:00","slug":"llegare-hasta-la-ultima-comunidad-escuchando-todas-sus-necesidades-tere-jimenez","status":"publish","type":"post","link":"https:\/\/informativoelvalledeaguascalientes.online\/?p=30264","title":{"rendered":"LLEGAR\u00c9 HASTA LA \u00daLTIMA COMUNIDAD, ESCUCHANDO TODAS SUS NECESIDADES\u201d: TERE JIM\u00c9NEZ"},"content":{"rendered":"<p style=\"text-align: left;\"><strong>#informativoelvalledeaguascalientes , #novaradioaguascalientes<br \/>\n<\/strong><\/p>\n<p>Tere Jim\u00e9nez contin\u00faa su gira en comunidades. En esta ocasi\u00f3n, visit\u00f3 varios puntos del municipio de Tepezal\u00e1.<\/p>\n<p>En la comunidad de Mesillas, la poblaci\u00f3n le hizo saber que es necesario dignificar la infraestructura educativa de la zona y le solicitaron apoyos para el campo. Ambas acciones est\u00e1n contempladas en su Plan de Gobierno 2050.<\/p>\n<p>En la comunidad de Alamitos, la ciudadan\u00eda le indic\u00f3 la necesidad de acceder a Cr\u00e9ditos a la Palabra de la Mujer y del Campo. Tere Jim\u00e9nez se\u00f1al\u00f3 que trabajar\u00e1n en el fortalecimiento de esta comunidad de la mano con los hermanos migrantes. Adem\u00e1s, el campo recibir\u00e1 fuertes apoyos que permitir\u00e1n el impulso al sector primario.<\/p>\n<p>M\u00e1s tarde, la candidata de la Coalici\u00f3n \u201cVa Por Aguascalientes\u201d visit\u00f3 la comunidad de San Rafael, en Tepezal\u00e1, y la ciudadan\u00eda le solicit\u00f3 espacios dignos para el sano desarrollo de sus ni\u00f1os.<\/p>\n<p>Tere Jim\u00e9nez se\u00f1al\u00f3 que su administraci\u00f3n promover\u00e1, adem\u00e1s de apoyos para todos los niveles educativos, espacios donde se impartan actividades art\u00edsticas, culturales y deportivas, como una forma de impulsar un mejor futuro para los ni\u00f1os de estas comunidades.<\/p>\n<p>Adicionalmente, les record\u00f3 que durante su gesti\u00f3n toda la poblaci\u00f3n de Aguascalientes tendr\u00e1 acceso a la salud y se fortalecer\u00e1n los centros de atenci\u00f3n m\u00e9dica ya existentes, otra sentida demanda de la ciudadan\u00eda<\/p>\n","protected":false},"excerpt":{"rendered":"<p>#informativoelvalledeaguascalientes , #novaradioaguascalientes Tere Jim\u00e9nez contin\u00faa su gira en comunidades. En esta ocasi\u00f3n, visit\u00f3 varios puntos del municipio de Tepezal\u00e1. En la comunidad de Mesillas, la poblaci\u00f3n le hizo saber que es necesario dignificar la infraestructura educativa de la zona y le solicitaron apoyos para el campo. Ambas acciones est\u00e1n contempladas en su Plan de [&hellip;]<\/p>\n","protected":false},"author":1,"featured_media":30265,"comment_status":"closed","ping_status":"open","sticky":false,"template":"","format":"standard","meta":{"advanced_seo_description":"","jetpack_seo_html_title":"","jetpack_seo_noindex":false,"_jetpack_memberships_contains_paid_content":false,"footnotes":"","jetpack_publicize_message":"","jetpack_publicize_feature_enabled":true,"jetpack_social_post_already_shared":true,"jetpack_social_options":{"image_generator_settings":{"template":"highway","default_image_id":0,"font":"","enabled":false},"version":2}},"categories":[21,7],"tags":[22,23,43,320],"class_list":["post-30264","post","type-post","status-publish","format-standard","has-post-thumbnail","hentry","category-aguascalientes","category-pan-aguascalientes","tag-aguascalientes","tag-pan-aguascalientes","tag-pan-aguascalientes-cde","tag-tere-jimenez"],"jetpack_publicize_connections":[],"jetpack_featured_media_url":"https:\/\/i0.wp.com\/informativoelvalledeaguascalientes.online\/wp-content\/uploads\/2022\/04\/df0cfdd8-a958-48aa-98e5-e726df7b292b.jpg?fit=1418%2C974&ssl=1","jetpack-related-posts":[],"jetpack_sharing_enabled":true,"jetpack_likes_enabled":true,"_links":{"self":[{"href":"https:\/\/informativoelvalledeaguascalientes.online\/index.php?rest_route=\/wp\/v2\/posts\/30264","targetHints":{"allow":["GET"]}}],"collection":[{"href":"https:\/\/informativoelvalledeaguascalientes.online\/index.php?rest_route=\/wp\/v2\/posts"}],"about":[{"href":"https:\/\/informativoelvalledeaguascalientes.online\/index.php?rest_route=\/wp\/v2\/types\/post"}],"author":[{"embeddable":true,"href":"https:\/\/informativoelvalledeaguascalientes.online\/index.php?rest_route=\/wp\/v2\/users\/1"}],"replies":[{"embeddable":true,"href":"https:\/\/informativoelvalledeaguascalientes.online\/index.php?rest_route=%2Fwp%2Fv2%2Fcomments&post=30264"}],"version-history":[{"count":1,"href":"https:\/\/informativoelvalledeaguascalientes.online\/index.php?rest_route=\/wp\/v2\/posts\/30264\/revisions"}],"predecessor-version":[{"id":30266,"href":"https:\/\/informativoelvalledeaguascalientes.online\/index.php?rest_route=\/wp\/v2\/posts\/30264\/revisions\/30266"}],"wp:featuredmedia":[{"embeddable":true,"href":"https:\/\/informativoelvalledeaguascalientes.online\/index.php?rest_route=\/wp\/v2\/media\/30265"}],"wp:attachment":[{"href":"https:\/\/informativoelvalledeaguascalientes.online\/index.php?rest_route=%2Fwp%2Fv2%2Fmedia&parent=30264"}],"wp:term":[{"taxonomy":"category","embeddable":true,"href":"https:\/\/informativoelvalledeaguascalientes.online\/index.php?rest_route=%2Fwp%2Fv2%2Fcategories&post=30264"},{"taxonomy":"post_tag","embeddable":true,"href":"https:\/\/informativoelvalledeaguascalientes.online\/index.php?rest_route=%2Fwp%2Fv2%2Ftags&post=30264"}],"curies":[{"name":"wp","href":"https:\/\/api.w.org\/{rel}","templated":true}]}}